{"id":37310,"date":"2023-03-01T23:08:57","date_gmt":"2023-03-01T23:08:57","guid":{"rendered":"https:\/\/fmdelpueblo.ar\/?p=37310"},"modified":"2023-03-01T23:08:57","modified_gmt":"2023-03-01T23:08:57","slug":"apagon-masivo-el-estado-de-trenes-del-amba-y-el-subte-porteno","status":"publish","type":"post","link":"http:\/\/fmdelpueblo.ar\/?p=37310","title":{"rendered":"Apag\u00f3n masivo: el estado de trenes del AMBA y el subte porte\u00f1o"},"content":{"rendered":"<\/p>\n<p>El corte de luz provocado por fallas en la central Atucha I afect\u00f3 los servicios de transporte p\u00fablico en la Ciudad de Buenos Aires y el Conurbano bonaerense. <a href=\"https:\/\/www.perfil.com\/noticias\/actualidad\/apagon-masivo-el-estado-de-trenes-del-amba-y-el-subte-porteno.phtml\">Leer m\u00e1s<\/a><\/p>\n","protected":false},"excerpt":{"rendered":"<p>El corte de luz provocado por fallas en la central Atucha I afect\u00f3 los servicios de transporte p\u00fablico en la Ciudad de Buenos Aires y el Conurbano bonaerense. Leer m\u00e1s<\/p>\n","protected":false},"author":0,"featured_media":0,"comment_status":"","ping_status":"","sticky":false,"template":"","format":"standard","meta":{"footnotes":""},"categories":[1],"tags":[],"class_list":["post-37310","post","type-post","status-publish","format-standard","hentry","category-sin-categoria"],"_links":{"self":[{"href":"http:\/\/fmdelpueblo.ar\/index.php?rest_route=\/wp\/v2\/posts\/37310","targetHints":{"allow":["GET"]}}],"collection":[{"href":"http:\/\/fmdelpueblo.ar\/index.php?rest_route=\/wp\/v2\/posts"}],"about":[{"href":"http:\/\/fmdelpueblo.ar\/index.php?rest_route=\/wp\/v2\/types\/post"}],"replies":[{"embeddable":true,"href":"http:\/\/fmdelpueblo.ar\/index.php?rest_route=%2Fwp%2Fv2%2Fcomments&post=37310"}],"version-history":[{"count":0,"href":"http:\/\/fmdelpueblo.ar\/index.php?rest_route=\/wp\/v2\/posts\/37310\/revisions"}],"wp:attachment":[{"href":"http:\/\/fmdelpueblo.ar\/index.php?rest_route=%2Fwp%2Fv2%2Fmedia&parent=37310"}],"wp:term":[{"taxonomy":"category","embeddable":true,"href":"http:\/\/fmdelpueblo.ar\/index.php?rest_route=%2Fwp%2Fv2%2Fcategories&post=37310"},{"taxonomy":"post_tag","embeddable":true,"href":"http:\/\/fmdelpueblo.ar\/index.php?rest_route=%2Fwp%2Fv2%2Ftags&post=37310"}],"curies":[{"name":"wp","href":"https:\/\/api.w.org\/{rel}","templated":true}]}}