{"id":37309,"date":"2023-03-01T22:09:29","date_gmt":"2023-03-01T22:09:29","guid":{"rendered":"https:\/\/fmdelpueblo.ar\/?p=37309"},"modified":"2023-03-01T22:09:29","modified_gmt":"2023-03-01T22:09:29","slug":"los-numeros-que-eligio-alberto-fernandez-para-defender-su-gestion-bajo-la-lupa-de-los-economistas","status":"publish","type":"post","link":"http:\/\/fmdelpueblo.ar\/?p=37309","title":{"rendered":"Los n\u00fameros que eligi\u00f3 Alberto Fern\u00e1ndez para defender su gesti\u00f3n bajo la lupa de los economistas"},"content":{"rendered":"<\/p>\n<p>El presidente\u00a0dio su cuarto discurso frente a la\u00a0Asamblea Legislativa en el que habl\u00f3\u00a0m\u00e1s de una hora y media al parlamento. En el plano econ\u00f3mico, hizo un repaso por indicadores clave que fueron desglosados por los expertos.<br \/>\n <a href=\"https:\/\/www.perfil.com\/noticias\/economia\/los-numeros-que-eligio-alberto-fernandez-para-defender-su-gestion-bajo-la-lupa-de-los-economistas.phtml\">Leer m\u00e1s<\/a><\/p>\n","protected":false},"excerpt":{"rendered":"<p>El presidente\u00a0dio su cuarto discurso frente a la\u00a0Asamblea Legislativa en el que habl\u00f3\u00a0m\u00e1s de una hora y media al parlamento. En el plano econ\u00f3mico, hizo un repaso por indicadores clave que fueron desglosados por los expertos. Leer m\u00e1s<\/p>\n","protected":false},"author":0,"featured_media":0,"comment_status":"","ping_status":"","sticky":false,"template":"","format":"standard","meta":{"footnotes":""},"categories":[1],"tags":[],"class_list":["post-37309","post","type-post","status-publish","format-standard","hentry","category-sin-categoria"],"_links":{"self":[{"href":"http:\/\/fmdelpueblo.ar\/index.php?rest_route=\/wp\/v2\/posts\/37309","targetHints":{"allow":["GET"]}}],"collection":[{"href":"http:\/\/fmdelpueblo.ar\/index.php?rest_route=\/wp\/v2\/posts"}],"about":[{"href":"http:\/\/fmdelpueblo.ar\/index.php?rest_route=\/wp\/v2\/types\/post"}],"replies":[{"embeddable":true,"href":"http:\/\/fmdelpueblo.ar\/index.php?rest_route=%2Fwp%2Fv2%2Fcomments&post=37309"}],"version-history":[{"count":0,"href":"http:\/\/fmdelpueblo.ar\/index.php?rest_route=\/wp\/v2\/posts\/37309\/revisions"}],"wp:attachment":[{"href":"http:\/\/fmdelpueblo.ar\/index.php?rest_route=%2Fwp%2Fv2%2Fmedia&parent=37309"}],"wp:term":[{"taxonomy":"category","embeddable":true,"href":"http:\/\/fmdelpueblo.ar\/index.php?rest_route=%2Fwp%2Fv2%2Fcategories&post=37309"},{"taxonomy":"post_tag","embeddable":true,"href":"http:\/\/fmdelpueblo.ar\/index.php?rest_route=%2Fwp%2Fv2%2Ftags&post=37309"}],"curies":[{"name":"wp","href":"https:\/\/api.w.org\/{rel}","templated":true}]}}