{"id":37307,"date":"2023-03-01T22:09:28","date_gmt":"2023-03-01T22:09:28","guid":{"rendered":"https:\/\/fmdelpueblo.ar\/?p=37307"},"modified":"2023-03-01T22:09:28","modified_gmt":"2023-03-01T22:09:28","slug":"apagon-como-pedir-resarcimiento-economico-a-edenor-y-edesur-por-aparatos-danados","status":"publish","type":"post","link":"http:\/\/fmdelpueblo.ar\/?p=37307","title":{"rendered":"Apag\u00f3n: c\u00f3mo pedir resarcimiento econ\u00f3mico a Edenor y Edesur por aparatos da\u00f1ados"},"content":{"rendered":"<\/p>\n<p>Las prestatarias deben compensar a los usuarios presentando el reclamo correspondiente. Qu\u00e9 se necesita para hacer el tr\u00e1mite.  <a href=\"https:\/\/www.perfil.com\/noticias\/economia\/cortes-de-luz-como-pedir-resarcimiento-economico-a-edenor-y-edesur-por-aparatos-danados.phtml\">Leer m\u00e1s<\/a><\/p>\n","protected":false},"excerpt":{"rendered":"<p>Las prestatarias deben compensar a los usuarios presentando el reclamo correspondiente. Qu\u00e9 se necesita para hacer el tr\u00e1mite. Leer m\u00e1s<\/p>\n","protected":false},"author":0,"featured_media":0,"comment_status":"","ping_status":"","sticky":false,"template":"","format":"standard","meta":{"footnotes":""},"categories":[1],"tags":[],"class_list":["post-37307","post","type-post","status-publish","format-standard","hentry","category-sin-categoria"],"_links":{"self":[{"href":"http:\/\/fmdelpueblo.ar\/index.php?rest_route=\/wp\/v2\/posts\/37307","targetHints":{"allow":["GET"]}}],"collection":[{"href":"http:\/\/fmdelpueblo.ar\/index.php?rest_route=\/wp\/v2\/posts"}],"about":[{"href":"http:\/\/fmdelpueblo.ar\/index.php?rest_route=\/wp\/v2\/types\/post"}],"replies":[{"embeddable":true,"href":"http:\/\/fmdelpueblo.ar\/index.php?rest_route=%2Fwp%2Fv2%2Fcomments&post=37307"}],"version-history":[{"count":0,"href":"http:\/\/fmdelpueblo.ar\/index.php?rest_route=\/wp\/v2\/posts\/37307\/revisions"}],"wp:attachment":[{"href":"http:\/\/fmdelpueblo.ar\/index.php?rest_route=%2Fwp%2Fv2%2Fmedia&parent=37307"}],"wp:term":[{"taxonomy":"category","embeddable":true,"href":"http:\/\/fmdelpueblo.ar\/index.php?rest_route=%2Fwp%2Fv2%2Fcategories&post=37307"},{"taxonomy":"post_tag","embeddable":true,"href":"http:\/\/fmdelpueblo.ar\/index.php?rest_route=%2Fwp%2Fv2%2Ftags&post=37307"}],"curies":[{"name":"wp","href":"https:\/\/api.w.org\/{rel}","templated":true}]}}