{"id":37305,"date":"2023-03-01T21:09:02","date_gmt":"2023-03-01T21:09:02","guid":{"rendered":"http:\/\/fmdelpueblo.ar\/?p=37305"},"modified":"2023-03-01T21:09:02","modified_gmt":"2023-03-01T21:09:02","slug":"segun-el-fbi-es-probable-que-el-covid-19-provenga-de-un-laboratorio-chino","status":"publish","type":"post","link":"http:\/\/fmdelpueblo.ar\/?p=37305","title":{"rendered":"Seg\u00fan el FBI, es probable que el covid-19 provenga de un laboratorio chino"},"content":{"rendered":"<\/p>\n<p>Christopher Wray, director de la Oficina Federal de Investigaciones (FBI, por sus siglas en ingl\u00e9s), dijo que su departamento concluy\u00f3 previamente que el virus del covid-19 probablemente se origin\u00f3 a partir de un \u201cincidente potencial de laboratorio\u201d en Wuhan. <a href=\"https:\/\/www.perfil.com\/noticias\/bloomberg\/bc-es-probable-que-covid-19-provenga-de-laboratorio-chino-fbi.phtml\">Leer m\u00e1s<\/a><\/p>\n","protected":false},"excerpt":{"rendered":"<p>Christopher Wray, director de la Oficina Federal de Investigaciones (FBI, por sus siglas en ingl\u00e9s), dijo que su departamento concluy\u00f3 previamente que el virus del covid-19 probablemente se origin\u00f3 a partir de un \u201cincidente potencial de laboratorio\u201d en Wuhan. Leer m\u00e1s<\/p>\n","protected":false},"author":0,"featured_media":0,"comment_status":"","ping_status":"","sticky":false,"template":"","format":"standard","meta":{"footnotes":""},"categories":[1],"tags":[],"class_list":["post-37305","post","type-post","status-publish","format-standard","hentry","category-sin-categoria"],"_links":{"self":[{"href":"http:\/\/fmdelpueblo.ar\/index.php?rest_route=\/wp\/v2\/posts\/37305","targetHints":{"allow":["GET"]}}],"collection":[{"href":"http:\/\/fmdelpueblo.ar\/index.php?rest_route=\/wp\/v2\/posts"}],"about":[{"href":"http:\/\/fmdelpueblo.ar\/index.php?rest_route=\/wp\/v2\/types\/post"}],"replies":[{"embeddable":true,"href":"http:\/\/fmdelpueblo.ar\/index.php?rest_route=%2Fwp%2Fv2%2Fcomments&post=37305"}],"version-history":[{"count":0,"href":"http:\/\/fmdelpueblo.ar\/index.php?rest_route=\/wp\/v2\/posts\/37305\/revisions"}],"wp:attachment":[{"href":"http:\/\/fmdelpueblo.ar\/index.php?rest_route=%2Fwp%2Fv2%2Fmedia&parent=37305"}],"wp:term":[{"taxonomy":"category","embeddable":true,"href":"http:\/\/fmdelpueblo.ar\/index.php?rest_route=%2Fwp%2Fv2%2Fcategories&post=37305"},{"taxonomy":"post_tag","embeddable":true,"href":"http:\/\/fmdelpueblo.ar\/index.php?rest_route=%2Fwp%2Fv2%2Ftags&post=37305"}],"curies":[{"name":"wp","href":"https:\/\/api.w.org\/{rel}","templated":true}]}}