{"id":37304,"date":"2023-03-01T21:09:01","date_gmt":"2023-03-01T21:09:01","guid":{"rendered":"http:\/\/fmdelpueblo.ar\/?p=37304"},"modified":"2023-03-01T21:09:01","modified_gmt":"2023-03-01T21:09:01","slug":"con-un-incremento-del-71-1-por-ciento-el-gobierno-de-san-juan-cerro-una-de-las-mejores-paritarias-docentes-del-pais","status":"publish","type":"post","link":"http:\/\/fmdelpueblo.ar\/?p=37304","title":{"rendered":"Con un incremento del 71.1 por ciento, el gobierno de San Juan cerr\u00f3 una de las mejores paritarias docentes del pa\u00eds"},"content":{"rendered":"<\/p>\n<p>Funcionarios del Ministerio de Hacienda se reunieron con representantes de los trabajadores estatales que aceptaron la propuesta de un aumento anual del 71,1 %, con revisi\u00f3n en julio e \u00edndice se actualizaci\u00f3n salarial. <a href=\"https:\/\/www.perfil.com\/noticias\/empresas-y-protagonistas\/con-un-incremento-del-711-por-ciento-el-gobierno-de-san-juan-cerro-una-de-las-mejores-paritarias-docentes-del-pais.phtml\">Leer m\u00e1s<\/a><\/p>\n","protected":false},"excerpt":{"rendered":"<p>Funcionarios del Ministerio de Hacienda se reunieron con representantes de los trabajadores estatales que aceptaron la propuesta de un aumento anual del 71,1 %, con revisi\u00f3n en julio e \u00edndice se actualizaci\u00f3n salarial. Leer m\u00e1s<\/p>\n","protected":false},"author":0,"featured_media":0,"comment_status":"","ping_status":"","sticky":false,"template":"","format":"standard","meta":{"footnotes":""},"categories":[1],"tags":[],"class_list":["post-37304","post","type-post","status-publish","format-standard","hentry","category-sin-categoria"],"_links":{"self":[{"href":"http:\/\/fmdelpueblo.ar\/index.php?rest_route=\/wp\/v2\/posts\/37304","targetHints":{"allow":["GET"]}}],"collection":[{"href":"http:\/\/fmdelpueblo.ar\/index.php?rest_route=\/wp\/v2\/posts"}],"about":[{"href":"http:\/\/fmdelpueblo.ar\/index.php?rest_route=\/wp\/v2\/types\/post"}],"replies":[{"embeddable":true,"href":"http:\/\/fmdelpueblo.ar\/index.php?rest_route=%2Fwp%2Fv2%2Fcomments&post=37304"}],"version-history":[{"count":0,"href":"http:\/\/fmdelpueblo.ar\/index.php?rest_route=\/wp\/v2\/posts\/37304\/revisions"}],"wp:attachment":[{"href":"http:\/\/fmdelpueblo.ar\/index.php?rest_route=%2Fwp%2Fv2%2Fmedia&parent=37304"}],"wp:term":[{"taxonomy":"category","embeddable":true,"href":"http:\/\/fmdelpueblo.ar\/index.php?rest_route=%2Fwp%2Fv2%2Fcategories&post=37304"},{"taxonomy":"post_tag","embeddable":true,"href":"http:\/\/fmdelpueblo.ar\/index.php?rest_route=%2Fwp%2Fv2%2Ftags&post=37304"}],"curies":[{"name":"wp","href":"https:\/\/api.w.org\/{rel}","templated":true}]}}