{"id":37303,"date":"2023-03-01T21:09:00","date_gmt":"2023-03-01T21:09:00","guid":{"rendered":"http:\/\/fmdelpueblo.ar\/?p=37303"},"modified":"2023-03-01T21:09:00","modified_gmt":"2023-03-01T21:09:00","slug":"la-inflacion-alemana-se-acelera-sorpresivamente","status":"publish","type":"post","link":"http:\/\/fmdelpueblo.ar\/?p=37303","title":{"rendered":"La inflaci\u00f3n alemana se acelera sorpresivamente"},"content":{"rendered":"<\/p>\n<p>La inflaci\u00f3n alemana se aceler\u00f3 sorpresivamente en febrero, complicando a\u00fan m\u00e1s la tarea del Banco Central Europeo tras los repuntes registrados esta semana en otras partes del continente. <a href=\"https:\/\/www.perfil.com\/noticias\/bloomberg\/bc-inflacion-alemana-se-acelera-sopresivamente-en-nuevo-golpe-a-bce.phtml\">Leer m\u00e1s<\/a><\/p>\n","protected":false},"excerpt":{"rendered":"<p>La inflaci\u00f3n alemana se aceler\u00f3 sorpresivamente en febrero, complicando a\u00fan m\u00e1s la tarea del Banco Central Europeo tras los repuntes registrados esta semana en otras partes del continente. Leer m\u00e1s<\/p>\n","protected":false},"author":0,"featured_media":0,"comment_status":"","ping_status":"","sticky":false,"template":"","format":"standard","meta":{"footnotes":""},"categories":[1],"tags":[],"class_list":["post-37303","post","type-post","status-publish","format-standard","hentry","category-sin-categoria"],"_links":{"self":[{"href":"http:\/\/fmdelpueblo.ar\/index.php?rest_route=\/wp\/v2\/posts\/37303","targetHints":{"allow":["GET"]}}],"collection":[{"href":"http:\/\/fmdelpueblo.ar\/index.php?rest_route=\/wp\/v2\/posts"}],"about":[{"href":"http:\/\/fmdelpueblo.ar\/index.php?rest_route=\/wp\/v2\/types\/post"}],"replies":[{"embeddable":true,"href":"http:\/\/fmdelpueblo.ar\/index.php?rest_route=%2Fwp%2Fv2%2Fcomments&post=37303"}],"version-history":[{"count":0,"href":"http:\/\/fmdelpueblo.ar\/index.php?rest_route=\/wp\/v2\/posts\/37303\/revisions"}],"wp:attachment":[{"href":"http:\/\/fmdelpueblo.ar\/index.php?rest_route=%2Fwp%2Fv2%2Fmedia&parent=37303"}],"wp:term":[{"taxonomy":"category","embeddable":true,"href":"http:\/\/fmdelpueblo.ar\/index.php?rest_route=%2Fwp%2Fv2%2Fcategories&post=37303"},{"taxonomy":"post_tag","embeddable":true,"href":"http:\/\/fmdelpueblo.ar\/index.php?rest_route=%2Fwp%2Fv2%2Ftags&post=37303"}],"curies":[{"name":"wp","href":"https:\/\/api.w.org\/{rel}","templated":true}]}}