{"id":37301,"date":"2023-03-01T21:08:59","date_gmt":"2023-03-01T21:08:59","guid":{"rendered":"http:\/\/fmdelpueblo.ar\/?p=37301"},"modified":"2023-03-01T21:08:59","modified_gmt":"2023-03-01T21:08:59","slug":"apagon-masivo-por-fallas-en-atucha-i-donde-son-los-cortes-y-cuando-vuelve-el-servicio","status":"publish","type":"post","link":"http:\/\/fmdelpueblo.ar\/?p=37301","title":{"rendered":"Apag\u00f3n masivo por fallas en Atucha I: d\u00f3nde son los cortes y cu\u00e1ndo vuelve el servicio"},"content":{"rendered":"<\/p>\n<p>El apag\u00f3n abarca a una amplia zona del AMBA y provincias del centro del pa\u00eds. <a href=\"https:\/\/www.perfil.com\/noticias\/economia\/corte-de-luz-masivo-por-fallas-en-atucha-i-donde-son-los-cortes-y-cuando-vuelve-el-servicio.phtml\">Leer m\u00e1s<\/a><\/p>\n","protected":false},"excerpt":{"rendered":"<p>El apag\u00f3n abarca a una amplia zona del AMBA y provincias del centro del pa\u00eds. Leer m\u00e1s<\/p>\n","protected":false},"author":0,"featured_media":0,"comment_status":"","ping_status":"","sticky":false,"template":"","format":"standard","meta":{"footnotes":""},"categories":[1],"tags":[],"class_list":["post-37301","post","type-post","status-publish","format-standard","hentry","category-sin-categoria"],"_links":{"self":[{"href":"http:\/\/fmdelpueblo.ar\/index.php?rest_route=\/wp\/v2\/posts\/37301","targetHints":{"allow":["GET"]}}],"collection":[{"href":"http:\/\/fmdelpueblo.ar\/index.php?rest_route=\/wp\/v2\/posts"}],"about":[{"href":"http:\/\/fmdelpueblo.ar\/index.php?rest_route=\/wp\/v2\/types\/post"}],"replies":[{"embeddable":true,"href":"http:\/\/fmdelpueblo.ar\/index.php?rest_route=%2Fwp%2Fv2%2Fcomments&post=37301"}],"version-history":[{"count":0,"href":"http:\/\/fmdelpueblo.ar\/index.php?rest_route=\/wp\/v2\/posts\/37301\/revisions"}],"wp:attachment":[{"href":"http:\/\/fmdelpueblo.ar\/index.php?rest_route=%2Fwp%2Fv2%2Fmedia&parent=37301"}],"wp:term":[{"taxonomy":"category","embeddable":true,"href":"http:\/\/fmdelpueblo.ar\/index.php?rest_route=%2Fwp%2Fv2%2Fcategories&post=37301"},{"taxonomy":"post_tag","embeddable":true,"href":"http:\/\/fmdelpueblo.ar\/index.php?rest_route=%2Fwp%2Fv2%2Ftags&post=37301"}],"curies":[{"name":"wp","href":"https:\/\/api.w.org\/{rel}","templated":true}]}}