{"id":37299,"date":"2023-03-01T20:09:02","date_gmt":"2023-03-01T20:09:02","guid":{"rendered":"https:\/\/fmdelpueblo.ar\/?p=37299"},"modified":"2023-03-01T20:09:02","modified_gmt":"2023-03-01T20:09:02","slug":"las-tarifas-de-la-luz-aumentaran-60-para-usuarios-del-amba","status":"publish","type":"post","link":"http:\/\/fmdelpueblo.ar\/?p=37299","title":{"rendered":"Las tarifas de la luz aumentar\u00e1n 60% para usuarios del AMBA"},"content":{"rendered":"<\/p>\n<p>El ENRE aprob\u00f3 los incrementos tarifarios que se aplicar\u00e1n en dos tramos. Por su parte, el Enargas hizo lo propio con los valores del gas. <a href=\"https:\/\/www.perfil.com\/noticias\/economia\/las-tarifas-de-la-luz-aumentaran-60-para-usuarios-del-amba.phtml\">Leer m\u00e1s<\/a><\/p>\n","protected":false},"excerpt":{"rendered":"<p>El ENRE aprob\u00f3 los incrementos tarifarios que se aplicar\u00e1n en dos tramos. Por su parte, el Enargas hizo lo propio con los valores del gas. Leer m\u00e1s<\/p>\n","protected":false},"author":0,"featured_media":0,"comment_status":"","ping_status":"","sticky":false,"template":"","format":"standard","meta":{"footnotes":""},"categories":[1],"tags":[],"class_list":["post-37299","post","type-post","status-publish","format-standard","hentry","category-sin-categoria"],"_links":{"self":[{"href":"http:\/\/fmdelpueblo.ar\/index.php?rest_route=\/wp\/v2\/posts\/37299","targetHints":{"allow":["GET"]}}],"collection":[{"href":"http:\/\/fmdelpueblo.ar\/index.php?rest_route=\/wp\/v2\/posts"}],"about":[{"href":"http:\/\/fmdelpueblo.ar\/index.php?rest_route=\/wp\/v2\/types\/post"}],"replies":[{"embeddable":true,"href":"http:\/\/fmdelpueblo.ar\/index.php?rest_route=%2Fwp%2Fv2%2Fcomments&post=37299"}],"version-history":[{"count":0,"href":"http:\/\/fmdelpueblo.ar\/index.php?rest_route=\/wp\/v2\/posts\/37299\/revisions"}],"wp:attachment":[{"href":"http:\/\/fmdelpueblo.ar\/index.php?rest_route=%2Fwp%2Fv2%2Fmedia&parent=37299"}],"wp:term":[{"taxonomy":"category","embeddable":true,"href":"http:\/\/fmdelpueblo.ar\/index.php?rest_route=%2Fwp%2Fv2%2Fcategories&post=37299"},{"taxonomy":"post_tag","embeddable":true,"href":"http:\/\/fmdelpueblo.ar\/index.php?rest_route=%2Fwp%2Fv2%2Ftags&post=37299"}],"curies":[{"name":"wp","href":"https:\/\/api.w.org\/{rel}","templated":true}]}}