{"id":37298,"date":"2023-03-01T20:09:01","date_gmt":"2023-03-01T20:09:01","guid":{"rendered":"https:\/\/fmdelpueblo.ar\/?p=37298"},"modified":"2023-03-01T20:09:01","modified_gmt":"2023-03-01T20:09:01","slug":"masivo-corte-de-luz-en-varios-puntos-de-ciudad-de-buenos-aires-y-conurbano-bonaerense","status":"publish","type":"post","link":"http:\/\/fmdelpueblo.ar\/?p=37298","title":{"rendered":"Masivo corte de luz en varios puntos de Ciudad de Buenos Aires y Conurbano bonaerense"},"content":{"rendered":"<\/p>\n<p>Diversos barrios de la Ciudad de Buenos Aires y distritos del Conurbano bonaerense reportaron cortes en el servicio de energ\u00eda el\u00e9ctrica despu\u00e9s de las 16 horas de este 1 de marzo. <a href=\"https:\/\/www.perfil.com\/noticias\/actualidad\/masivo-corte-de-luz-en-varios-puntos-de-ciudad-de-buenos-aires-y-conurbano-bonaerense.phtml\">Leer m\u00e1s<\/a><\/p>\n","protected":false},"excerpt":{"rendered":"<p>Diversos barrios de la Ciudad de Buenos Aires y distritos del Conurbano bonaerense reportaron cortes en el servicio de energ\u00eda el\u00e9ctrica despu\u00e9s de las 16 horas de este 1 de marzo. Leer m\u00e1s<\/p>\n","protected":false},"author":0,"featured_media":0,"comment_status":"","ping_status":"","sticky":false,"template":"","format":"standard","meta":{"footnotes":""},"categories":[1],"tags":[],"class_list":["post-37298","post","type-post","status-publish","format-standard","hentry","category-sin-categoria"],"_links":{"self":[{"href":"http:\/\/fmdelpueblo.ar\/index.php?rest_route=\/wp\/v2\/posts\/37298","targetHints":{"allow":["GET"]}}],"collection":[{"href":"http:\/\/fmdelpueblo.ar\/index.php?rest_route=\/wp\/v2\/posts"}],"about":[{"href":"http:\/\/fmdelpueblo.ar\/index.php?rest_route=\/wp\/v2\/types\/post"}],"replies":[{"embeddable":true,"href":"http:\/\/fmdelpueblo.ar\/index.php?rest_route=%2Fwp%2Fv2%2Fcomments&post=37298"}],"version-history":[{"count":0,"href":"http:\/\/fmdelpueblo.ar\/index.php?rest_route=\/wp\/v2\/posts\/37298\/revisions"}],"wp:attachment":[{"href":"http:\/\/fmdelpueblo.ar\/index.php?rest_route=%2Fwp%2Fv2%2Fmedia&parent=37298"}],"wp:term":[{"taxonomy":"category","embeddable":true,"href":"http:\/\/fmdelpueblo.ar\/index.php?rest_route=%2Fwp%2Fv2%2Fcategories&post=37298"},{"taxonomy":"post_tag","embeddable":true,"href":"http:\/\/fmdelpueblo.ar\/index.php?rest_route=%2Fwp%2Fv2%2Ftags&post=37298"}],"curies":[{"name":"wp","href":"https:\/\/api.w.org\/{rel}","templated":true}]}}