{"id":37297,"date":"2023-03-01T19:10:20","date_gmt":"2023-03-01T19:10:20","guid":{"rendered":"https:\/\/fmdelpueblo.ar\/?p=37297"},"modified":"2023-03-01T19:10:20","modified_gmt":"2023-03-01T19:10:20","slug":"presidente-bipolar-el-principio-del-fin-y-vergonzoso-la-reaccion-de-la-oposicion-ante-el-discurso-de-alberto-fernandez","status":"publish","type":"post","link":"http:\/\/fmdelpueblo.ar\/?p=37297","title":{"rendered":"\u00abPresidente bipolar\u00bb, \u00abel principio del fin\u00bb y \u00abvergonzoso\u00bb: la reacci\u00f3n de la oposici\u00f3n ante el discurso de Alberto Fern\u00e1ndez"},"content":{"rendered":"<\/p>\n<p>A trav\u00e9s de las redes sociales, los dirigentes cuestionaron los dichos del presidente, a quien acusaron de pronunciar un \u00abdiscurso plagado de mentiras\u00bb y de atacar a la Justicia y los medios de comunicaci\u00f3n. <a href=\"https:\/\/www.perfil.com\/noticias\/politica\/presidente-bipolar-el-principio-del-fin-y-vergonzoso-la-reaccion-de-la-oposicion-ante-el-discurso-de-alberto-fernandez.phtml\">Leer m\u00e1s<\/a><\/p>\n","protected":false},"excerpt":{"rendered":"<p>A trav\u00e9s de las redes sociales, los dirigentes cuestionaron los dichos del presidente, a quien acusaron de pronunciar un \u00abdiscurso plagado de mentiras\u00bb y de atacar a la Justicia y los medios de comunicaci\u00f3n. Leer m\u00e1s<\/p>\n","protected":false},"author":0,"featured_media":0,"comment_status":"","ping_status":"","sticky":false,"template":"","format":"standard","meta":{"footnotes":""},"categories":[1],"tags":[],"class_list":["post-37297","post","type-post","status-publish","format-standard","hentry","category-sin-categoria"],"_links":{"self":[{"href":"http:\/\/fmdelpueblo.ar\/index.php?rest_route=\/wp\/v2\/posts\/37297","targetHints":{"allow":["GET"]}}],"collection":[{"href":"http:\/\/fmdelpueblo.ar\/index.php?rest_route=\/wp\/v2\/posts"}],"about":[{"href":"http:\/\/fmdelpueblo.ar\/index.php?rest_route=\/wp\/v2\/types\/post"}],"replies":[{"embeddable":true,"href":"http:\/\/fmdelpueblo.ar\/index.php?rest_route=%2Fwp%2Fv2%2Fcomments&post=37297"}],"version-history":[{"count":0,"href":"http:\/\/fmdelpueblo.ar\/index.php?rest_route=\/wp\/v2\/posts\/37297\/revisions"}],"wp:attachment":[{"href":"http:\/\/fmdelpueblo.ar\/index.php?rest_route=%2Fwp%2Fv2%2Fmedia&parent=37297"}],"wp:term":[{"taxonomy":"category","embeddable":true,"href":"http:\/\/fmdelpueblo.ar\/index.php?rest_route=%2Fwp%2Fv2%2Fcategories&post=37297"},{"taxonomy":"post_tag","embeddable":true,"href":"http:\/\/fmdelpueblo.ar\/index.php?rest_route=%2Fwp%2Fv2%2Ftags&post=37297"}],"curies":[{"name":"wp","href":"https:\/\/api.w.org\/{rel}","templated":true}]}}