{"id":37296,"date":"2023-03-01T19:10:19","date_gmt":"2023-03-01T19:10:19","guid":{"rendered":"https:\/\/fmdelpueblo.ar\/?p=37296"},"modified":"2023-03-01T19:10:19","modified_gmt":"2023-03-01T19:10:19","slug":"la-ausencia-de-maximo-kirchner-y-los-saludos-a-los-jueces-de-la-corte-todo-lo-que-dejo-la-apertura-de-sesiones","status":"publish","type":"post","link":"http:\/\/fmdelpueblo.ar\/?p=37296","title":{"rendered":"La ausencia de M\u00e1ximo Kirchner y los saludos a los jueces de la Corte: todo lo que dej\u00f3 la apertura de sesiones"},"content":{"rendered":"<\/p>\n<p>El discurso del Presidente dur\u00f3 dos horas. Sin embargo, en los pasillos del Congreso se vivi\u00f3 una larga jornada de alto voltaje pol\u00edtico. C\u00f3mo fue desde adentro. <a href=\"https:\/\/www.perfil.com\/noticias\/politica\/la-ausencia-de-maximo-kirchner-y-los-saludos-a-los-jueces-de-la-corte-todo-lo-que-dejo-la-apertura-de-sesiones.phtml\">Leer m\u00e1s<\/a><\/p>\n","protected":false},"excerpt":{"rendered":"<p>El discurso del Presidente dur\u00f3 dos horas. Sin embargo, en los pasillos del Congreso se vivi\u00f3 una larga jornada de alto voltaje pol\u00edtico. C\u00f3mo fue desde adentro. Leer m\u00e1s<\/p>\n","protected":false},"author":0,"featured_media":0,"comment_status":"","ping_status":"","sticky":false,"template":"","format":"standard","meta":{"footnotes":""},"categories":[1],"tags":[],"class_list":["post-37296","post","type-post","status-publish","format-standard","hentry","category-sin-categoria"],"_links":{"self":[{"href":"http:\/\/fmdelpueblo.ar\/index.php?rest_route=\/wp\/v2\/posts\/37296","targetHints":{"allow":["GET"]}}],"collection":[{"href":"http:\/\/fmdelpueblo.ar\/index.php?rest_route=\/wp\/v2\/posts"}],"about":[{"href":"http:\/\/fmdelpueblo.ar\/index.php?rest_route=\/wp\/v2\/types\/post"}],"replies":[{"embeddable":true,"href":"http:\/\/fmdelpueblo.ar\/index.php?rest_route=%2Fwp%2Fv2%2Fcomments&post=37296"}],"version-history":[{"count":0,"href":"http:\/\/fmdelpueblo.ar\/index.php?rest_route=\/wp\/v2\/posts\/37296\/revisions"}],"wp:attachment":[{"href":"http:\/\/fmdelpueblo.ar\/index.php?rest_route=%2Fwp%2Fv2%2Fmedia&parent=37296"}],"wp:term":[{"taxonomy":"category","embeddable":true,"href":"http:\/\/fmdelpueblo.ar\/index.php?rest_route=%2Fwp%2Fv2%2Fcategories&post=37296"},{"taxonomy":"post_tag","embeddable":true,"href":"http:\/\/fmdelpueblo.ar\/index.php?rest_route=%2Fwp%2Fv2%2Ftags&post=37296"}],"curies":[{"name":"wp","href":"https:\/\/api.w.org\/{rel}","templated":true}]}}