{"id":37295,"date":"2023-03-01T19:10:19","date_gmt":"2023-03-01T19:10:19","guid":{"rendered":"https:\/\/fmdelpueblo.ar\/?p=37295"},"modified":"2023-03-01T19:10:19","modified_gmt":"2023-03-01T19:10:19","slug":"educacion-argentina-lo-urgente-e-importante","status":"publish","type":"post","link":"http:\/\/fmdelpueblo.ar\/?p=37295","title":{"rendered":"Educaci\u00f3n argentina: lo urgente e importante"},"content":{"rendered":"<\/p>\n<p>M\u00e1s del 50% de los Argentinos no finaliza el secundario y la transformaci\u00f3n digital har\u00e1 que la misma cantidad de gente ya no tenga el mismo trabajo que ten\u00eda. S\u00f3lo iniciar una Nueva Era de aprendizajes en habilidades y competencias garantizar\u00e1 futuro. <a href=\"https:\/\/www.perfil.com\/noticias\/opinion\/educacion-argentina-lo-urgente-e-importante.phtml\">Leer m\u00e1s<\/a><\/p>\n","protected":false},"excerpt":{"rendered":"<p>M\u00e1s del 50% de los Argentinos no finaliza el secundario y la transformaci\u00f3n digital har\u00e1 que la misma cantidad de gente ya no tenga el mismo trabajo que ten\u00eda. S\u00f3lo iniciar una Nueva Era de aprendizajes en habilidades y competencias garantizar\u00e1 futuro. Leer m\u00e1s<\/p>\n","protected":false},"author":0,"featured_media":0,"comment_status":"","ping_status":"","sticky":false,"template":"","format":"standard","meta":{"footnotes":""},"categories":[1],"tags":[],"class_list":["post-37295","post","type-post","status-publish","format-standard","hentry","category-sin-categoria"],"_links":{"self":[{"href":"http:\/\/fmdelpueblo.ar\/index.php?rest_route=\/wp\/v2\/posts\/37295","targetHints":{"allow":["GET"]}}],"collection":[{"href":"http:\/\/fmdelpueblo.ar\/index.php?rest_route=\/wp\/v2\/posts"}],"about":[{"href":"http:\/\/fmdelpueblo.ar\/index.php?rest_route=\/wp\/v2\/types\/post"}],"replies":[{"embeddable":true,"href":"http:\/\/fmdelpueblo.ar\/index.php?rest_route=%2Fwp%2Fv2%2Fcomments&post=37295"}],"version-history":[{"count":0,"href":"http:\/\/fmdelpueblo.ar\/index.php?rest_route=\/wp\/v2\/posts\/37295\/revisions"}],"wp:attachment":[{"href":"http:\/\/fmdelpueblo.ar\/index.php?rest_route=%2Fwp%2Fv2%2Fmedia&parent=37295"}],"wp:term":[{"taxonomy":"category","embeddable":true,"href":"http:\/\/fmdelpueblo.ar\/index.php?rest_route=%2Fwp%2Fv2%2Fcategories&post=37295"},{"taxonomy":"post_tag","embeddable":true,"href":"http:\/\/fmdelpueblo.ar\/index.php?rest_route=%2Fwp%2Fv2%2Ftags&post=37295"}],"curies":[{"name":"wp","href":"https:\/\/api.w.org\/{rel}","templated":true}]}}