{"id":37291,"date":"2023-03-01T18:09:16","date_gmt":"2023-03-01T18:09:16","guid":{"rendered":"https:\/\/fmdelpueblo.ar\/?p=37291"},"modified":"2023-03-01T18:09:16","modified_gmt":"2023-03-01T18:09:16","slug":"tarjeta-sube-cual-es-el-nuevo-monto-del-saldo-negativo-tras-el-aumento-del-boleto","status":"publish","type":"post","link":"http:\/\/fmdelpueblo.ar\/?p=37291","title":{"rendered":"Tarjeta SUBE: cu\u00e1l es el nuevo monto del saldo negativo tras el aumento del boleto"},"content":{"rendered":"<\/p>\n<p>Frente a la nuevas tarifas de los pasajes de tren, colectivo y subte, el saldo de emergencia cambi\u00f3. \u00bfCu\u00e1l es y c\u00f3mo consultar antes de viajar?<br \/>\n <a href=\"https:\/\/www.perfil.com\/noticias\/actualidad\/tarjeta-sube-cual-es-el-nuevo-monto-del-saldo-negativo-tras-el-aumento-del-boleto.phtml\">Leer m\u00e1s<\/a><\/p>\n","protected":false},"excerpt":{"rendered":"<p>Frente a la nuevas tarifas de los pasajes de tren, colectivo y subte, el saldo de emergencia cambi\u00f3. \u00bfCu\u00e1l es y c\u00f3mo consultar antes de viajar? Leer m\u00e1s<\/p>\n","protected":false},"author":0,"featured_media":0,"comment_status":"","ping_status":"","sticky":false,"template":"","format":"standard","meta":{"footnotes":""},"categories":[1],"tags":[],"class_list":["post-37291","post","type-post","status-publish","format-standard","hentry","category-sin-categoria"],"_links":{"self":[{"href":"http:\/\/fmdelpueblo.ar\/index.php?rest_route=\/wp\/v2\/posts\/37291","targetHints":{"allow":["GET"]}}],"collection":[{"href":"http:\/\/fmdelpueblo.ar\/index.php?rest_route=\/wp\/v2\/posts"}],"about":[{"href":"http:\/\/fmdelpueblo.ar\/index.php?rest_route=\/wp\/v2\/types\/post"}],"replies":[{"embeddable":true,"href":"http:\/\/fmdelpueblo.ar\/index.php?rest_route=%2Fwp%2Fv2%2Fcomments&post=37291"}],"version-history":[{"count":0,"href":"http:\/\/fmdelpueblo.ar\/index.php?rest_route=\/wp\/v2\/posts\/37291\/revisions"}],"wp:attachment":[{"href":"http:\/\/fmdelpueblo.ar\/index.php?rest_route=%2Fwp%2Fv2%2Fmedia&parent=37291"}],"wp:term":[{"taxonomy":"category","embeddable":true,"href":"http:\/\/fmdelpueblo.ar\/index.php?rest_route=%2Fwp%2Fv2%2Fcategories&post=37291"},{"taxonomy":"post_tag","embeddable":true,"href":"http:\/\/fmdelpueblo.ar\/index.php?rest_route=%2Fwp%2Fv2%2Ftags&post=37291"}],"curies":[{"name":"wp","href":"https:\/\/api.w.org\/{rel}","templated":true}]}}