{"id":37289,"date":"2023-03-01T17:09:29","date_gmt":"2023-03-01T17:09:29","guid":{"rendered":"https:\/\/fmdelpueblo.ar\/?p=37289"},"modified":"2023-03-01T17:09:29","modified_gmt":"2023-03-01T17:09:29","slug":"martin-bartol-a23-no-es-un-espacio-en-contra-de-nadie-es-a-favor-de-alberto-fernandez","status":"publish","type":"post","link":"http:\/\/fmdelpueblo.ar\/?p=37289","title":{"rendered":"Mart\u00edn Bartol: \u00abA23 no es un espacio en contra de nadie, es a favor de Alberto Fern\u00e1ndez\u00bb"},"content":{"rendered":"<\/p>\n<p>El vicepresidente de la agrupaci\u00f3n \u00abParTE\u00bb asegur\u00f3 que su sector pol\u00edtico busca apoyar y promover la reelecci\u00f3n del Presidente. \u00abReivindicamos la figura de Cristina Kirchner\u00bb, agreg\u00f3. <a href=\"https:\/\/www.perfil.com\/noticias\/modo-fontevecchia\/martin-bartol-a23-no-es-un-espacio-en-contra-de-nadie-es-a-favor-de-alberto-modof.phtml\">Leer m\u00e1s<\/a><\/p>\n","protected":false},"excerpt":{"rendered":"<p>El vicepresidente de la agrupaci\u00f3n \u00abParTE\u00bb asegur\u00f3 que su sector pol\u00edtico busca apoyar y promover la reelecci\u00f3n del Presidente. \u00abReivindicamos la figura de Cristina Kirchner\u00bb, agreg\u00f3. Leer m\u00e1s<\/p>\n","protected":false},"author":0,"featured_media":0,"comment_status":"","ping_status":"","sticky":false,"template":"","format":"standard","meta":{"footnotes":""},"categories":[1],"tags":[],"class_list":["post-37289","post","type-post","status-publish","format-standard","hentry","category-sin-categoria"],"_links":{"self":[{"href":"http:\/\/fmdelpueblo.ar\/index.php?rest_route=\/wp\/v2\/posts\/37289","targetHints":{"allow":["GET"]}}],"collection":[{"href":"http:\/\/fmdelpueblo.ar\/index.php?rest_route=\/wp\/v2\/posts"}],"about":[{"href":"http:\/\/fmdelpueblo.ar\/index.php?rest_route=\/wp\/v2\/types\/post"}],"replies":[{"embeddable":true,"href":"http:\/\/fmdelpueblo.ar\/index.php?rest_route=%2Fwp%2Fv2%2Fcomments&post=37289"}],"version-history":[{"count":0,"href":"http:\/\/fmdelpueblo.ar\/index.php?rest_route=\/wp\/v2\/posts\/37289\/revisions"}],"wp:attachment":[{"href":"http:\/\/fmdelpueblo.ar\/index.php?rest_route=%2Fwp%2Fv2%2Fmedia&parent=37289"}],"wp:term":[{"taxonomy":"category","embeddable":true,"href":"http:\/\/fmdelpueblo.ar\/index.php?rest_route=%2Fwp%2Fv2%2Fcategories&post=37289"},{"taxonomy":"post_tag","embeddable":true,"href":"http:\/\/fmdelpueblo.ar\/index.php?rest_route=%2Fwp%2Fv2%2Ftags&post=37289"}],"curies":[{"name":"wp","href":"https:\/\/api.w.org\/{rel}","templated":true}]}}