{"id":37288,"date":"2023-03-01T17:09:28","date_gmt":"2023-03-01T17:09:28","guid":{"rendered":"https:\/\/fmdelpueblo.ar\/?p=37288"},"modified":"2023-03-01T17:09:28","modified_gmt":"2023-03-01T17:09:28","slug":"fernando-iglesias-insulto-a-alberto-fernandez-en-medio-de-la-sesion-en-el-congreso-es-un-honor-que-me-insulte-diputado","status":"publish","type":"post","link":"http:\/\/fmdelpueblo.ar\/?p=37288","title":{"rendered":"Fernando Iglesias insult\u00f3 a Alberto Fern\u00e1ndez en medio de la sesi\u00f3n en el Congreso: \u00abEs un honor que me insulte diputado\u00bb"},"content":{"rendered":"<\/p>\n<p>Durante su discurso por la coparticipaci\u00f3n el Presidente y el diputado protagonizaron un tenso cruce.  <a href=\"https:\/\/www.perfil.com\/noticias\/politica\/tenso-cruce-entre-fernando-iglesias-y-alberto-fernandez-en-la-aperturas-de-sesiones-ordinarias-y-los-fuertes-mensajes-del-diputado.phtml\">Leer m\u00e1s<\/a><\/p>\n","protected":false},"excerpt":{"rendered":"<p>Durante su discurso por la coparticipaci\u00f3n el Presidente y el diputado protagonizaron un tenso cruce. Leer m\u00e1s<\/p>\n","protected":false},"author":0,"featured_media":0,"comment_status":"","ping_status":"","sticky":false,"template":"","format":"standard","meta":{"footnotes":""},"categories":[1],"tags":[],"class_list":["post-37288","post","type-post","status-publish","format-standard","hentry","category-sin-categoria"],"_links":{"self":[{"href":"http:\/\/fmdelpueblo.ar\/index.php?rest_route=\/wp\/v2\/posts\/37288","targetHints":{"allow":["GET"]}}],"collection":[{"href":"http:\/\/fmdelpueblo.ar\/index.php?rest_route=\/wp\/v2\/posts"}],"about":[{"href":"http:\/\/fmdelpueblo.ar\/index.php?rest_route=\/wp\/v2\/types\/post"}],"replies":[{"embeddable":true,"href":"http:\/\/fmdelpueblo.ar\/index.php?rest_route=%2Fwp%2Fv2%2Fcomments&post=37288"}],"version-history":[{"count":0,"href":"http:\/\/fmdelpueblo.ar\/index.php?rest_route=\/wp\/v2\/posts\/37288\/revisions"}],"wp:attachment":[{"href":"http:\/\/fmdelpueblo.ar\/index.php?rest_route=%2Fwp%2Fv2%2Fmedia&parent=37288"}],"wp:term":[{"taxonomy":"category","embeddable":true,"href":"http:\/\/fmdelpueblo.ar\/index.php?rest_route=%2Fwp%2Fv2%2Fcategories&post=37288"},{"taxonomy":"post_tag","embeddable":true,"href":"http:\/\/fmdelpueblo.ar\/index.php?rest_route=%2Fwp%2Fv2%2Ftags&post=37288"}],"curies":[{"name":"wp","href":"https:\/\/api.w.org\/{rel}","templated":true}]}}