{"id":37287,"date":"2023-03-01T17:09:28","date_gmt":"2023-03-01T17:09:28","guid":{"rendered":"https:\/\/fmdelpueblo.ar\/?p=37287"},"modified":"2023-03-01T17:09:28","modified_gmt":"2023-03-01T17:09:28","slug":"apertura-de-sesiones-ordinarias-sin-profundizar-en-la-inflacion-y-con-chicanas-sobre-la-coparticipacion","status":"publish","type":"post","link":"http:\/\/fmdelpueblo.ar\/?p=37287","title":{"rendered":"Apertura de sesiones ordinarias sin profundizar en la inflaci\u00f3n y con chicanas sobre la coparticipaci\u00f3n"},"content":{"rendered":"<\/p>\n<p>El presidente Alberto Fern\u00e1ndez di\u00f3 su cuarto discurso a la Asamblea Legislativa. Comenz\u00f3 con tono tranquilo, pero al llegar al tema de la coparticipaci\u00f3n, el clima se calde\u00f3. Uno a uno los n\u00fameros que mostr\u00f3 de la agenda econ\u00f3mica.  <a href=\"https:\/\/www.perfil.com\/noticias\/economia\/apertura-de-sesiones-ordinarias-sin-profundizar-en-la-inflacion-y-con-chicanas-sobre-la-coparticipacion.phtml\">Leer m\u00e1s<\/a><\/p>\n","protected":false},"excerpt":{"rendered":"<p>El presidente Alberto Fern\u00e1ndez di\u00f3 su cuarto discurso a la Asamblea Legislativa. Comenz\u00f3 con tono tranquilo, pero al llegar al tema de la coparticipaci\u00f3n, el clima se calde\u00f3. Uno a uno los n\u00fameros que mostr\u00f3 de la agenda econ\u00f3mica. Leer m\u00e1s<\/p>\n","protected":false},"author":0,"featured_media":0,"comment_status":"","ping_status":"","sticky":false,"template":"","format":"standard","meta":{"footnotes":""},"categories":[1],"tags":[],"class_list":["post-37287","post","type-post","status-publish","format-standard","hentry","category-sin-categoria"],"_links":{"self":[{"href":"http:\/\/fmdelpueblo.ar\/index.php?rest_route=\/wp\/v2\/posts\/37287","targetHints":{"allow":["GET"]}}],"collection":[{"href":"http:\/\/fmdelpueblo.ar\/index.php?rest_route=\/wp\/v2\/posts"}],"about":[{"href":"http:\/\/fmdelpueblo.ar\/index.php?rest_route=\/wp\/v2\/types\/post"}],"replies":[{"embeddable":true,"href":"http:\/\/fmdelpueblo.ar\/index.php?rest_route=%2Fwp%2Fv2%2Fcomments&post=37287"}],"version-history":[{"count":0,"href":"http:\/\/fmdelpueblo.ar\/index.php?rest_route=\/wp\/v2\/posts\/37287\/revisions"}],"wp:attachment":[{"href":"http:\/\/fmdelpueblo.ar\/index.php?rest_route=%2Fwp%2Fv2%2Fmedia&parent=37287"}],"wp:term":[{"taxonomy":"category","embeddable":true,"href":"http:\/\/fmdelpueblo.ar\/index.php?rest_route=%2Fwp%2Fv2%2Fcategories&post=37287"},{"taxonomy":"post_tag","embeddable":true,"href":"http:\/\/fmdelpueblo.ar\/index.php?rest_route=%2Fwp%2Fv2%2Ftags&post=37287"}],"curies":[{"name":"wp","href":"https:\/\/api.w.org\/{rel}","templated":true}]}}