{"id":37286,"date":"2023-03-01T16:09:52","date_gmt":"2023-03-01T16:09:52","guid":{"rendered":"http:\/\/fmdelpueblo.ar\/?p=37286"},"modified":"2023-03-01T16:09:52","modified_gmt":"2023-03-01T16:09:52","slug":"juegan-boca-y-patronato-por-la-supercopa-argentina","status":"publish","type":"post","link":"http:\/\/fmdelpueblo.ar\/?p=37286","title":{"rendered":"Juegan Boca y Patronato por la Supercopa Argentina"},"content":{"rendered":"<\/p>\n<p>Los cambios en el equipo Xeneize y la particularidad de este enfrentamiento, en un contexto parad\u00f3jico para el equipo campe\u00f3n de la \u00faltima Copa Argentina. El partido ser\u00e1 este mi\u00e9rcoles a las 21:15. <a href=\"https:\/\/www.perfil.com\/noticias\/modo-fontevecchia\/juegan-boca-patronato-por-la-supercopa-argentina-modof.phtml\">Leer m\u00e1s<\/a><\/p>\n","protected":false},"excerpt":{"rendered":"<p>Los cambios en el equipo Xeneize y la particularidad de este enfrentamiento, en un contexto parad\u00f3jico para el equipo campe\u00f3n de la \u00faltima Copa Argentina. El partido ser\u00e1 este mi\u00e9rcoles a las 21:15. Leer m\u00e1s<\/p>\n","protected":false},"author":0,"featured_media":0,"comment_status":"","ping_status":"","sticky":false,"template":"","format":"standard","meta":{"footnotes":""},"categories":[1],"tags":[],"class_list":["post-37286","post","type-post","status-publish","format-standard","hentry","category-sin-categoria"],"_links":{"self":[{"href":"http:\/\/fmdelpueblo.ar\/index.php?rest_route=\/wp\/v2\/posts\/37286","targetHints":{"allow":["GET"]}}],"collection":[{"href":"http:\/\/fmdelpueblo.ar\/index.php?rest_route=\/wp\/v2\/posts"}],"about":[{"href":"http:\/\/fmdelpueblo.ar\/index.php?rest_route=\/wp\/v2\/types\/post"}],"replies":[{"embeddable":true,"href":"http:\/\/fmdelpueblo.ar\/index.php?rest_route=%2Fwp%2Fv2%2Fcomments&post=37286"}],"version-history":[{"count":0,"href":"http:\/\/fmdelpueblo.ar\/index.php?rest_route=\/wp\/v2\/posts\/37286\/revisions"}],"wp:attachment":[{"href":"http:\/\/fmdelpueblo.ar\/index.php?rest_route=%2Fwp%2Fv2%2Fmedia&parent=37286"}],"wp:term":[{"taxonomy":"category","embeddable":true,"href":"http:\/\/fmdelpueblo.ar\/index.php?rest_route=%2Fwp%2Fv2%2Fcategories&post=37286"},{"taxonomy":"post_tag","embeddable":true,"href":"http:\/\/fmdelpueblo.ar\/index.php?rest_route=%2Fwp%2Fv2%2Ftags&post=37286"}],"curies":[{"name":"wp","href":"https:\/\/api.w.org\/{rel}","templated":true}]}}