{"id":37284,"date":"2023-03-01T16:09:51","date_gmt":"2023-03-01T16:09:51","guid":{"rendered":"http:\/\/fmdelpueblo.ar\/?p=37284"},"modified":"2023-03-01T16:09:51","modified_gmt":"2023-03-01T16:09:51","slug":"jubilados-y-pensionados-quienes-y-cuando-cobran-desde-marzo-el-bono-de-15000","status":"publish","type":"post","link":"http:\/\/fmdelpueblo.ar\/?p=37284","title":{"rendered":"Jubilados y pensionados: qui\u00e9nes y cu\u00e1ndo cobran desde marzo el bono de $15000"},"content":{"rendered":"<\/p>\n<p>Este primero de marzo, el gobierno oficializ\u00f3 el bono de $15000 para jubilados y pensionados. Al igual que los refuerzos anteriores, tendr\u00e1 algunos destinatarios puntuales.  <a href=\"https:\/\/www.perfil.com\/noticias\/economia\/jubilados-y-pensionados-quienes-cobraran-desde-marzo-el-bono-de-15000.phtml\">Leer m\u00e1s<\/a><\/p>\n","protected":false},"excerpt":{"rendered":"<p>Este primero de marzo, el gobierno oficializ\u00f3 el bono de $15000 para jubilados y pensionados. Al igual que los refuerzos anteriores, tendr\u00e1 algunos destinatarios puntuales. Leer m\u00e1s<\/p>\n","protected":false},"author":0,"featured_media":0,"comment_status":"","ping_status":"","sticky":false,"template":"","format":"standard","meta":{"footnotes":""},"categories":[1],"tags":[],"class_list":["post-37284","post","type-post","status-publish","format-standard","hentry","category-sin-categoria"],"_links":{"self":[{"href":"http:\/\/fmdelpueblo.ar\/index.php?rest_route=\/wp\/v2\/posts\/37284","targetHints":{"allow":["GET"]}}],"collection":[{"href":"http:\/\/fmdelpueblo.ar\/index.php?rest_route=\/wp\/v2\/posts"}],"about":[{"href":"http:\/\/fmdelpueblo.ar\/index.php?rest_route=\/wp\/v2\/types\/post"}],"replies":[{"embeddable":true,"href":"http:\/\/fmdelpueblo.ar\/index.php?rest_route=%2Fwp%2Fv2%2Fcomments&post=37284"}],"version-history":[{"count":0,"href":"http:\/\/fmdelpueblo.ar\/index.php?rest_route=\/wp\/v2\/posts\/37284\/revisions"}],"wp:attachment":[{"href":"http:\/\/fmdelpueblo.ar\/index.php?rest_route=%2Fwp%2Fv2%2Fmedia&parent=37284"}],"wp:term":[{"taxonomy":"category","embeddable":true,"href":"http:\/\/fmdelpueblo.ar\/index.php?rest_route=%2Fwp%2Fv2%2Fcategories&post=37284"},{"taxonomy":"post_tag","embeddable":true,"href":"http:\/\/fmdelpueblo.ar\/index.php?rest_route=%2Fwp%2Fv2%2Ftags&post=37284"}],"curies":[{"name":"wp","href":"https:\/\/api.w.org\/{rel}","templated":true}]}}