{"id":37279,"date":"2023-03-01T15:08:58","date_gmt":"2023-03-01T15:08:58","guid":{"rendered":"https:\/\/fmdelpueblo.ar\/?p=37279"},"modified":"2023-03-01T15:08:58","modified_gmt":"2023-03-01T15:08:58","slug":"vendimia-mendocina-con-la-corona-bien-puesta","status":"publish","type":"post","link":"http:\/\/fmdelpueblo.ar\/?p=37279","title":{"rendered":"Vendimia mendocina: con la corona bien puesta"},"content":{"rendered":"<\/p>\n<p>Mucho se ha dicho sobre la elecci\u00f3n de las candidatas de esta emblem\u00e1tica fiesta cuyana. Un fallo por medio y la coronaci\u00f3n que gener\u00f3 pol\u00e9mica. \u00bfReina s\u00ed o no? <a href=\"https:\/\/www.perfil.com\/noticias\/opinion\/vendimia-mendocina-con-la-corona-bien-puesta.phtml\">Leer m\u00e1s<\/a><\/p>\n","protected":false},"excerpt":{"rendered":"<p>Mucho se ha dicho sobre la elecci\u00f3n de las candidatas de esta emblem\u00e1tica fiesta cuyana. Un fallo por medio y la coronaci\u00f3n que gener\u00f3 pol\u00e9mica. \u00bfReina s\u00ed o no? Leer m\u00e1s<\/p>\n","protected":false},"author":0,"featured_media":0,"comment_status":"","ping_status":"","sticky":false,"template":"","format":"standard","meta":{"footnotes":""},"categories":[1],"tags":[],"class_list":["post-37279","post","type-post","status-publish","format-standard","hentry","category-sin-categoria"],"_links":{"self":[{"href":"http:\/\/fmdelpueblo.ar\/index.php?rest_route=\/wp\/v2\/posts\/37279","targetHints":{"allow":["GET"]}}],"collection":[{"href":"http:\/\/fmdelpueblo.ar\/index.php?rest_route=\/wp\/v2\/posts"}],"about":[{"href":"http:\/\/fmdelpueblo.ar\/index.php?rest_route=\/wp\/v2\/types\/post"}],"replies":[{"embeddable":true,"href":"http:\/\/fmdelpueblo.ar\/index.php?rest_route=%2Fwp%2Fv2%2Fcomments&post=37279"}],"version-history":[{"count":0,"href":"http:\/\/fmdelpueblo.ar\/index.php?rest_route=\/wp\/v2\/posts\/37279\/revisions"}],"wp:attachment":[{"href":"http:\/\/fmdelpueblo.ar\/index.php?rest_route=%2Fwp%2Fv2%2Fmedia&parent=37279"}],"wp:term":[{"taxonomy":"category","embeddable":true,"href":"http:\/\/fmdelpueblo.ar\/index.php?rest_route=%2Fwp%2Fv2%2Fcategories&post=37279"},{"taxonomy":"post_tag","embeddable":true,"href":"http:\/\/fmdelpueblo.ar\/index.php?rest_route=%2Fwp%2Fv2%2Ftags&post=37279"}],"curies":[{"name":"wp","href":"https:\/\/api.w.org\/{rel}","templated":true}]}}