{"id":37277,"date":"2023-03-01T14:09:21","date_gmt":"2023-03-01T14:09:21","guid":{"rendered":"http:\/\/fmdelpueblo.ar\/?p=37277"},"modified":"2023-03-01T14:09:21","modified_gmt":"2023-03-01T14:09:21","slug":"el-discurso-de-horacio-rodriguez-larreta-en-la-legislatura-portena-es-hora-de-retomar-el-camino-que-se-inicio-en-el-2015","status":"publish","type":"post","link":"http:\/\/fmdelpueblo.ar\/?p=37277","title":{"rendered":"El discurso de Horacio Rodr\u00edguez Larreta en la Legislatura Porte\u00f1a: \u00abEs hora de retomar el camino que se inici\u00f3 en el 2015\u00bb"},"content":{"rendered":"<\/p>\n<p>Con cr\u00edticas al gobierno del Frente de Todos y arengas de campa\u00f1a, este mi\u00e9rcoles 1 de marzo, el jefe de Gobierno porte\u00f1o inaugur\u00f3 las sesiones en la Legislatura de la Ciudad de Buenos Aires. <a href=\"https:\/\/www.perfil.com\/noticias\/modo-fontevecchia\/el-discurso-de-larreta-en-la-legislatura-portena-es-hora-de-retomar-el-camino-que-se-inicio-en-el-2015-modof.phtml\">Leer m\u00e1s<\/a><\/p>\n","protected":false},"excerpt":{"rendered":"<p>Con cr\u00edticas al gobierno del Frente de Todos y arengas de campa\u00f1a, este mi\u00e9rcoles 1 de marzo, el jefe de Gobierno porte\u00f1o inaugur\u00f3 las sesiones en la Legislatura de la Ciudad de Buenos Aires. Leer m\u00e1s<\/p>\n","protected":false},"author":0,"featured_media":0,"comment_status":"","ping_status":"","sticky":false,"template":"","format":"standard","meta":{"footnotes":""},"categories":[1],"tags":[],"class_list":["post-37277","post","type-post","status-publish","format-standard","hentry","category-sin-categoria"],"_links":{"self":[{"href":"http:\/\/fmdelpueblo.ar\/index.php?rest_route=\/wp\/v2\/posts\/37277","targetHints":{"allow":["GET"]}}],"collection":[{"href":"http:\/\/fmdelpueblo.ar\/index.php?rest_route=\/wp\/v2\/posts"}],"about":[{"href":"http:\/\/fmdelpueblo.ar\/index.php?rest_route=\/wp\/v2\/types\/post"}],"replies":[{"embeddable":true,"href":"http:\/\/fmdelpueblo.ar\/index.php?rest_route=%2Fwp%2Fv2%2Fcomments&post=37277"}],"version-history":[{"count":0,"href":"http:\/\/fmdelpueblo.ar\/index.php?rest_route=\/wp\/v2\/posts\/37277\/revisions"}],"wp:attachment":[{"href":"http:\/\/fmdelpueblo.ar\/index.php?rest_route=%2Fwp%2Fv2%2Fmedia&parent=37277"}],"wp:term":[{"taxonomy":"category","embeddable":true,"href":"http:\/\/fmdelpueblo.ar\/index.php?rest_route=%2Fwp%2Fv2%2Fcategories&post=37277"},{"taxonomy":"post_tag","embeddable":true,"href":"http:\/\/fmdelpueblo.ar\/index.php?rest_route=%2Fwp%2Fv2%2Ftags&post=37277"}],"curies":[{"name":"wp","href":"https:\/\/api.w.org\/{rel}","templated":true}]}}