{"id":37276,"date":"2023-03-01T14:09:20","date_gmt":"2023-03-01T14:09:20","guid":{"rendered":"http:\/\/fmdelpueblo.ar\/?p=37276"},"modified":"2023-03-01T14:09:20","modified_gmt":"2023-03-01T14:09:20","slug":"un-hombre-asesino-a-su-perra-a-mazazos-quedo-filmado-y-aseguro-cuando-no-sirven-los-mato","status":"publish","type":"post","link":"http:\/\/fmdelpueblo.ar\/?p=37276","title":{"rendered":"Un hombre asesin\u00f3 a su perra a mazazos, qued\u00f3 filmado y asegur\u00f3: \u00abCuando no sirven los mato\u00bb"},"content":{"rendered":"<\/p>\n<p>El acto de crueldad extrema ocurri\u00f3 en Alejandro Korn. Vecinos y organizaciones proteccionistas piden que intervenga la justicia. El hombre se encuentra pr\u00f3fugo. <a href=\"https:\/\/www.perfil.com\/noticias\/sociedad\/un-hombre-asesino-a-su-perra-a-mazazos-quedo-filmado-y-aseguro-cuando-no-sirven-los-mato.phtml\">Leer m\u00e1s<\/a><\/p>\n","protected":false},"excerpt":{"rendered":"<p>El acto de crueldad extrema ocurri\u00f3 en Alejandro Korn. Vecinos y organizaciones proteccionistas piden que intervenga la justicia. El hombre se encuentra pr\u00f3fugo. Leer m\u00e1s<\/p>\n","protected":false},"author":0,"featured_media":0,"comment_status":"","ping_status":"","sticky":false,"template":"","format":"standard","meta":{"footnotes":""},"categories":[1],"tags":[],"class_list":["post-37276","post","type-post","status-publish","format-standard","hentry","category-sin-categoria"],"_links":{"self":[{"href":"http:\/\/fmdelpueblo.ar\/index.php?rest_route=\/wp\/v2\/posts\/37276","targetHints":{"allow":["GET"]}}],"collection":[{"href":"http:\/\/fmdelpueblo.ar\/index.php?rest_route=\/wp\/v2\/posts"}],"about":[{"href":"http:\/\/fmdelpueblo.ar\/index.php?rest_route=\/wp\/v2\/types\/post"}],"replies":[{"embeddable":true,"href":"http:\/\/fmdelpueblo.ar\/index.php?rest_route=%2Fwp%2Fv2%2Fcomments&post=37276"}],"version-history":[{"count":0,"href":"http:\/\/fmdelpueblo.ar\/index.php?rest_route=\/wp\/v2\/posts\/37276\/revisions"}],"wp:attachment":[{"href":"http:\/\/fmdelpueblo.ar\/index.php?rest_route=%2Fwp%2Fv2%2Fmedia&parent=37276"}],"wp:term":[{"taxonomy":"category","embeddable":true,"href":"http:\/\/fmdelpueblo.ar\/index.php?rest_route=%2Fwp%2Fv2%2Fcategories&post=37276"},{"taxonomy":"post_tag","embeddable":true,"href":"http:\/\/fmdelpueblo.ar\/index.php?rest_route=%2Fwp%2Fv2%2Ftags&post=37276"}],"curies":[{"name":"wp","href":"https:\/\/api.w.org\/{rel}","templated":true}]}}