{"id":37275,"date":"2023-03-01T14:09:20","date_gmt":"2023-03-01T14:09:20","guid":{"rendered":"http:\/\/fmdelpueblo.ar\/?p=37275"},"modified":"2023-03-01T14:09:20","modified_gmt":"2023-03-01T14:09:20","slug":"amarella-no-es-facil-encontrarse-con-uno-mismo-en-el-mundo-vertiginoso-en-que-vivimos","status":"publish","type":"post","link":"http:\/\/fmdelpueblo.ar\/?p=37275","title":{"rendered":"Amarella: \u00abNo es f\u00e1cil encontrarse con uno mismo en el mundo vertiginoso en que vivimos\u00bb"},"content":{"rendered":"<\/p>\n<p>Esperando que sea una fiesta entre el escenario y el p\u00fablico, el unipersonal Media Perdida es un espect\u00e1culo en clave de comedia que bucea en todas las interferencias que son com\u00fan en la actualidad, desde las redes sociales a las otras personas. <a href=\"https:\/\/www.perfil.com\/noticias\/vivo\/amarella-no-es-facil-encontrarse-con-uno-mismo-en-el-mundo-vertiginoso-en-que-vivimos.phtml\">Leer m\u00e1s<\/a><\/p>\n","protected":false},"excerpt":{"rendered":"<p>Esperando que sea una fiesta entre el escenario y el p\u00fablico, el unipersonal Media Perdida es un espect\u00e1culo en clave de comedia que bucea en todas las interferencias que son com\u00fan en la actualidad, desde las redes sociales a las otras personas. Leer m\u00e1s<\/p>\n","protected":false},"author":0,"featured_media":0,"comment_status":"","ping_status":"","sticky":false,"template":"","format":"standard","meta":{"footnotes":""},"categories":[1],"tags":[],"class_list":["post-37275","post","type-post","status-publish","format-standard","hentry","category-sin-categoria"],"_links":{"self":[{"href":"http:\/\/fmdelpueblo.ar\/index.php?rest_route=\/wp\/v2\/posts\/37275","targetHints":{"allow":["GET"]}}],"collection":[{"href":"http:\/\/fmdelpueblo.ar\/index.php?rest_route=\/wp\/v2\/posts"}],"about":[{"href":"http:\/\/fmdelpueblo.ar\/index.php?rest_route=\/wp\/v2\/types\/post"}],"replies":[{"embeddable":true,"href":"http:\/\/fmdelpueblo.ar\/index.php?rest_route=%2Fwp%2Fv2%2Fcomments&post=37275"}],"version-history":[{"count":0,"href":"http:\/\/fmdelpueblo.ar\/index.php?rest_route=\/wp\/v2\/posts\/37275\/revisions"}],"wp:attachment":[{"href":"http:\/\/fmdelpueblo.ar\/index.php?rest_route=%2Fwp%2Fv2%2Fmedia&parent=37275"}],"wp:term":[{"taxonomy":"category","embeddable":true,"href":"http:\/\/fmdelpueblo.ar\/index.php?rest_route=%2Fwp%2Fv2%2Fcategories&post=37275"},{"taxonomy":"post_tag","embeddable":true,"href":"http:\/\/fmdelpueblo.ar\/index.php?rest_route=%2Fwp%2Fv2%2Ftags&post=37275"}],"curies":[{"name":"wp","href":"https:\/\/api.w.org\/{rel}","templated":true}]}}