{"id":37274,"date":"2023-03-01T14:09:19","date_gmt":"2023-03-01T14:09:19","guid":{"rendered":"http:\/\/fmdelpueblo.ar\/?p=37274"},"modified":"2023-03-01T14:09:19","modified_gmt":"2023-03-01T14:09:19","slug":"el-oficialismo-sorprendio-a-la-oposicion-y-logro-convertir-en-ley-la-nueva-moratoria-previsional","status":"publish","type":"post","link":"http:\/\/fmdelpueblo.ar\/?p=37274","title":{"rendered":"El oficialismo sorprendi\u00f3 a la oposici\u00f3n y logr\u00f3 convertir en ley la nueva moratoria previsional"},"content":{"rendered":"<\/p>\n<p>En medio de las disputas por el qu\u00f3rum y la necesidad de votos para lograr la sanci\u00f3n, la actual gesti\u00f3n qued\u00f3 un paso por delante del sector opositor y logr\u00f3 que quede legalizado el nuevo sistema que tendr\u00e1 la jubilaci\u00f3n. <a href=\"https:\/\/www.perfil.com\/noticias\/modo-fontevecchia\/el-oficialismo-sorprendio-a-la-oposicion-y-logro-convertir-en-ley-la-nueva-moratoria-previsional-modof.phtml\">Leer m\u00e1s<\/a><\/p>\n","protected":false},"excerpt":{"rendered":"<p>En medio de las disputas por el qu\u00f3rum y la necesidad de votos para lograr la sanci\u00f3n, la actual gesti\u00f3n qued\u00f3 un paso por delante del sector opositor y logr\u00f3 que quede legalizado el nuevo sistema que tendr\u00e1 la jubilaci\u00f3n. Leer m\u00e1s<\/p>\n","protected":false},"author":0,"featured_media":0,"comment_status":"","ping_status":"","sticky":false,"template":"","format":"standard","meta":{"footnotes":""},"categories":[1],"tags":[],"class_list":["post-37274","post","type-post","status-publish","format-standard","hentry","category-sin-categoria"],"_links":{"self":[{"href":"http:\/\/fmdelpueblo.ar\/index.php?rest_route=\/wp\/v2\/posts\/37274","targetHints":{"allow":["GET"]}}],"collection":[{"href":"http:\/\/fmdelpueblo.ar\/index.php?rest_route=\/wp\/v2\/posts"}],"about":[{"href":"http:\/\/fmdelpueblo.ar\/index.php?rest_route=\/wp\/v2\/types\/post"}],"replies":[{"embeddable":true,"href":"http:\/\/fmdelpueblo.ar\/index.php?rest_route=%2Fwp%2Fv2%2Fcomments&post=37274"}],"version-history":[{"count":0,"href":"http:\/\/fmdelpueblo.ar\/index.php?rest_route=\/wp\/v2\/posts\/37274\/revisions"}],"wp:attachment":[{"href":"http:\/\/fmdelpueblo.ar\/index.php?rest_route=%2Fwp%2Fv2%2Fmedia&parent=37274"}],"wp:term":[{"taxonomy":"category","embeddable":true,"href":"http:\/\/fmdelpueblo.ar\/index.php?rest_route=%2Fwp%2Fv2%2Fcategories&post=37274"},{"taxonomy":"post_tag","embeddable":true,"href":"http:\/\/fmdelpueblo.ar\/index.php?rest_route=%2Fwp%2Fv2%2Ftags&post=37274"}],"curies":[{"name":"wp","href":"https:\/\/api.w.org\/{rel}","templated":true}]}}