{"id":37269,"date":"2023-03-01T13:09:01","date_gmt":"2023-03-01T13:09:01","guid":{"rendered":"https:\/\/fmdelpueblo.ar\/?p=37269"},"modified":"2023-03-01T13:09:01","modified_gmt":"2023-03-01T13:09:01","slug":"feriados-2023-cuantos-quedan-y-cuando-es-el-proximo-fin-de-semana-largo","status":"publish","type":"post","link":"http:\/\/fmdelpueblo.ar\/?p=37269","title":{"rendered":"Feriados 2023: cu\u00e1ntos quedan y cu\u00e1ndo es el pr\u00f3ximo fin de semana largo"},"content":{"rendered":"<\/p>\n<p>El 24 de marzo cae viernes, por lo que se podr\u00e1 disfrutar de un finde extendido de tres d\u00edas. Adem\u00e1s, se esperan otras tres jornadas XXL en lo que resta del a\u00f1o. <a href=\"https:\/\/www.perfil.com\/noticias\/actualidad\/feriados-2023-cuantos-quedan-y-cuando-es-el-proximo-fin-de-semana-largo.phtml\">Leer m\u00e1s<\/a><\/p>\n","protected":false},"excerpt":{"rendered":"<p>El 24 de marzo cae viernes, por lo que se podr\u00e1 disfrutar de un finde extendido de tres d\u00edas. Adem\u00e1s, se esperan otras tres jornadas XXL en lo que resta del a\u00f1o. Leer m\u00e1s<\/p>\n","protected":false},"author":0,"featured_media":0,"comment_status":"","ping_status":"","sticky":false,"template":"","format":"standard","meta":{"footnotes":""},"categories":[1],"tags":[],"class_list":["post-37269","post","type-post","status-publish","format-standard","hentry","category-sin-categoria"],"_links":{"self":[{"href":"http:\/\/fmdelpueblo.ar\/index.php?rest_route=\/wp\/v2\/posts\/37269","targetHints":{"allow":["GET"]}}],"collection":[{"href":"http:\/\/fmdelpueblo.ar\/index.php?rest_route=\/wp\/v2\/posts"}],"about":[{"href":"http:\/\/fmdelpueblo.ar\/index.php?rest_route=\/wp\/v2\/types\/post"}],"replies":[{"embeddable":true,"href":"http:\/\/fmdelpueblo.ar\/index.php?rest_route=%2Fwp%2Fv2%2Fcomments&post=37269"}],"version-history":[{"count":0,"href":"http:\/\/fmdelpueblo.ar\/index.php?rest_route=\/wp\/v2\/posts\/37269\/revisions"}],"wp:attachment":[{"href":"http:\/\/fmdelpueblo.ar\/index.php?rest_route=%2Fwp%2Fv2%2Fmedia&parent=37269"}],"wp:term":[{"taxonomy":"category","embeddable":true,"href":"http:\/\/fmdelpueblo.ar\/index.php?rest_route=%2Fwp%2Fv2%2Fcategories&post=37269"},{"taxonomy":"post_tag","embeddable":true,"href":"http:\/\/fmdelpueblo.ar\/index.php?rest_route=%2Fwp%2Fv2%2Ftags&post=37269"}],"curies":[{"name":"wp","href":"https:\/\/api.w.org\/{rel}","templated":true}]}}