{"id":37267,"date":"2023-03-01T12:09:04","date_gmt":"2023-03-01T12:09:04","guid":{"rendered":"https:\/\/fmdelpueblo.ar\/?p=37267"},"modified":"2023-03-01T12:09:04","modified_gmt":"2023-03-01T12:09:04","slug":"lali-estreno-comprame-un-brishito-antes-de-su-mega-show-en-velez","status":"publish","type":"post","link":"http:\/\/fmdelpueblo.ar\/?p=37267","title":{"rendered":"Lali estren\u00f3 \u00abC\u00f3mprame un brishito\u00bb antes de su mega show en V\u00e9lez"},"content":{"rendered":"<\/p>\n<p>La carism\u00e1tica cantante lanz\u00f3 su nuevo \u00e9xito en la previa a comenzar su gran performance en el Estadio Jos\u00e9 Amalfitani. <a href=\"https:\/\/www.perfil.com\/noticias\/modo-fontevecchia\/lali-estreno-comprame-un-brishito-como-preambulo-para-su-mega-show-en-velez-modof.phtml\">Leer m\u00e1s<\/a><\/p>\n","protected":false},"excerpt":{"rendered":"<p>La carism\u00e1tica cantante lanz\u00f3 su nuevo \u00e9xito en la previa a comenzar su gran performance en el Estadio Jos\u00e9 Amalfitani. Leer m\u00e1s<\/p>\n","protected":false},"author":0,"featured_media":0,"comment_status":"","ping_status":"","sticky":false,"template":"","format":"standard","meta":{"footnotes":""},"categories":[1],"tags":[],"class_list":["post-37267","post","type-post","status-publish","format-standard","hentry","category-sin-categoria"],"_links":{"self":[{"href":"http:\/\/fmdelpueblo.ar\/index.php?rest_route=\/wp\/v2\/posts\/37267","targetHints":{"allow":["GET"]}}],"collection":[{"href":"http:\/\/fmdelpueblo.ar\/index.php?rest_route=\/wp\/v2\/posts"}],"about":[{"href":"http:\/\/fmdelpueblo.ar\/index.php?rest_route=\/wp\/v2\/types\/post"}],"replies":[{"embeddable":true,"href":"http:\/\/fmdelpueblo.ar\/index.php?rest_route=%2Fwp%2Fv2%2Fcomments&post=37267"}],"version-history":[{"count":0,"href":"http:\/\/fmdelpueblo.ar\/index.php?rest_route=\/wp\/v2\/posts\/37267\/revisions"}],"wp:attachment":[{"href":"http:\/\/fmdelpueblo.ar\/index.php?rest_route=%2Fwp%2Fv2%2Fmedia&parent=37267"}],"wp:term":[{"taxonomy":"category","embeddable":true,"href":"http:\/\/fmdelpueblo.ar\/index.php?rest_route=%2Fwp%2Fv2%2Fcategories&post=37267"},{"taxonomy":"post_tag","embeddable":true,"href":"http:\/\/fmdelpueblo.ar\/index.php?rest_route=%2Fwp%2Fv2%2Ftags&post=37267"}],"curies":[{"name":"wp","href":"https:\/\/api.w.org\/{rel}","templated":true}]}}