{"id":37265,"date":"2023-03-01T12:09:03","date_gmt":"2023-03-01T12:09:03","guid":{"rendered":"https:\/\/fmdelpueblo.ar\/?p=37265"},"modified":"2023-03-01T12:09:03","modified_gmt":"2023-03-01T12:09:03","slug":"horacio-rodriguez-larreta-abre-las-sesiones-legislativas-ordinarias-de-la-ciudad-de-buenos-aires","status":"publish","type":"post","link":"http:\/\/fmdelpueblo.ar\/?p=37265","title":{"rendered":"Horacio Rodr\u00edguez Larreta abre las sesiones legislativas ordinarias de la Ciudad de Buenos Aires"},"content":{"rendered":"<\/p>\n<p>El jefe de Gobierno porte\u00f1o da su discurso de apertura del a\u00f1o parlamentario desde la legislatura porte\u00f1a. <a href=\"https:\/\/www.perfil.com\/noticias\/politica\/horacio-rodriguez-larreta-abre-las-sesiones-legislativas-ordinarias-de-la-ciudad-de-buenos-aires.phtml\">Leer m\u00e1s<\/a><\/p>\n","protected":false},"excerpt":{"rendered":"<p>El jefe de Gobierno porte\u00f1o da su discurso de apertura del a\u00f1o parlamentario desde la legislatura porte\u00f1a. Leer m\u00e1s<\/p>\n","protected":false},"author":0,"featured_media":0,"comment_status":"","ping_status":"","sticky":false,"template":"","format":"standard","meta":{"footnotes":""},"categories":[1],"tags":[],"class_list":["post-37265","post","type-post","status-publish","format-standard","hentry","category-sin-categoria"],"_links":{"self":[{"href":"http:\/\/fmdelpueblo.ar\/index.php?rest_route=\/wp\/v2\/posts\/37265","targetHints":{"allow":["GET"]}}],"collection":[{"href":"http:\/\/fmdelpueblo.ar\/index.php?rest_route=\/wp\/v2\/posts"}],"about":[{"href":"http:\/\/fmdelpueblo.ar\/index.php?rest_route=\/wp\/v2\/types\/post"}],"replies":[{"embeddable":true,"href":"http:\/\/fmdelpueblo.ar\/index.php?rest_route=%2Fwp%2Fv2%2Fcomments&post=37265"}],"version-history":[{"count":0,"href":"http:\/\/fmdelpueblo.ar\/index.php?rest_route=\/wp\/v2\/posts\/37265\/revisions"}],"wp:attachment":[{"href":"http:\/\/fmdelpueblo.ar\/index.php?rest_route=%2Fwp%2Fv2%2Fmedia&parent=37265"}],"wp:term":[{"taxonomy":"category","embeddable":true,"href":"http:\/\/fmdelpueblo.ar\/index.php?rest_route=%2Fwp%2Fv2%2Fcategories&post=37265"},{"taxonomy":"post_tag","embeddable":true,"href":"http:\/\/fmdelpueblo.ar\/index.php?rest_route=%2Fwp%2Fv2%2Ftags&post=37265"}],"curies":[{"name":"wp","href":"https:\/\/api.w.org\/{rel}","templated":true}]}}