{"id":37264,"date":"2023-03-01T11:09:22","date_gmt":"2023-03-01T11:09:22","guid":{"rendered":"https:\/\/fmdelpueblo.ar\/?p=37264"},"modified":"2023-03-01T11:09:22","modified_gmt":"2023-03-01T11:09:22","slug":"cuba-avanza-en-un-medicamento-contra-el-alzheimer","status":"publish","type":"post","link":"http:\/\/fmdelpueblo.ar\/?p=37264","title":{"rendered":"Cuba avanza en un medicamento contra el Alzheimer"},"content":{"rendered":"<\/p>\n<p>Es un spray nasal que ingres\u00f3 a la tercera fase de estudios. Podr\u00eda aplicarse al tratamiento de casos leves y moderados. <a href=\"https:\/\/www.perfil.com\/noticias\/modo-fontevecchia\/cuba-avanza-en-un-medicamento-contra-el-alzheimer-modof.phtml\">Leer m\u00e1s<\/a><\/p>\n","protected":false},"excerpt":{"rendered":"<p>Es un spray nasal que ingres\u00f3 a la tercera fase de estudios. Podr\u00eda aplicarse al tratamiento de casos leves y moderados. Leer m\u00e1s<\/p>\n","protected":false},"author":0,"featured_media":0,"comment_status":"","ping_status":"","sticky":false,"template":"","format":"standard","meta":{"footnotes":""},"categories":[1],"tags":[],"class_list":["post-37264","post","type-post","status-publish","format-standard","hentry","category-sin-categoria"],"_links":{"self":[{"href":"http:\/\/fmdelpueblo.ar\/index.php?rest_route=\/wp\/v2\/posts\/37264","targetHints":{"allow":["GET"]}}],"collection":[{"href":"http:\/\/fmdelpueblo.ar\/index.php?rest_route=\/wp\/v2\/posts"}],"about":[{"href":"http:\/\/fmdelpueblo.ar\/index.php?rest_route=\/wp\/v2\/types\/post"}],"replies":[{"embeddable":true,"href":"http:\/\/fmdelpueblo.ar\/index.php?rest_route=%2Fwp%2Fv2%2Fcomments&post=37264"}],"version-history":[{"count":0,"href":"http:\/\/fmdelpueblo.ar\/index.php?rest_route=\/wp\/v2\/posts\/37264\/revisions"}],"wp:attachment":[{"href":"http:\/\/fmdelpueblo.ar\/index.php?rest_route=%2Fwp%2Fv2%2Fmedia&parent=37264"}],"wp:term":[{"taxonomy":"category","embeddable":true,"href":"http:\/\/fmdelpueblo.ar\/index.php?rest_route=%2Fwp%2Fv2%2Fcategories&post=37264"},{"taxonomy":"post_tag","embeddable":true,"href":"http:\/\/fmdelpueblo.ar\/index.php?rest_route=%2Fwp%2Fv2%2Ftags&post=37264"}],"curies":[{"name":"wp","href":"https:\/\/api.w.org\/{rel}","templated":true}]}}