{"id":37254,"date":"2023-03-01T08:10:08","date_gmt":"2023-03-01T08:10:08","guid":{"rendered":"http:\/\/fmdelpueblo.ar\/?p=37254"},"modified":"2023-03-01T08:10:08","modified_gmt":"2023-03-01T08:10:08","slug":"como-en-la-edad-media-pero-en-el-siglo-xxi-cada-dos-minutos-muere-una-mujer-embarazada","status":"publish","type":"post","link":"http:\/\/fmdelpueblo.ar\/?p=37254","title":{"rendered":"Como en la Edad Media, pero en el siglo XXI: cada dos minutos muere una mujer embarazada"},"content":{"rendered":"<\/p>\n<p>Tanto durante la gestaci\u00f3n o en el parto, la mortalidad materna aument\u00f3 en todo el mundo. En Europa y Am\u00e9rica, 16% en promedio. La Organizaci\u00f3n Mundial de la Salud lanz\u00f3 un alerta preocupante. <a href=\"https:\/\/www.perfil.com\/noticias\/actualidad\/como-en-la-edad-media-pero-en-el-siglo-xxi-cada-dos-minutos-muere-una-mujer-embarazada.phtml\">Leer m\u00e1s<\/a><\/p>\n","protected":false},"excerpt":{"rendered":"<p>Tanto durante la gestaci\u00f3n o en el parto, la mortalidad materna aument\u00f3 en todo el mundo. En Europa y Am\u00e9rica, 16% en promedio. La Organizaci\u00f3n Mundial de la Salud lanz\u00f3 un alerta preocupante. Leer m\u00e1s<\/p>\n","protected":false},"author":0,"featured_media":0,"comment_status":"","ping_status":"","sticky":false,"template":"","format":"standard","meta":{"footnotes":""},"categories":[1],"tags":[],"class_list":["post-37254","post","type-post","status-publish","format-standard","hentry","category-sin-categoria"],"_links":{"self":[{"href":"http:\/\/fmdelpueblo.ar\/index.php?rest_route=\/wp\/v2\/posts\/37254","targetHints":{"allow":["GET"]}}],"collection":[{"href":"http:\/\/fmdelpueblo.ar\/index.php?rest_route=\/wp\/v2\/posts"}],"about":[{"href":"http:\/\/fmdelpueblo.ar\/index.php?rest_route=\/wp\/v2\/types\/post"}],"replies":[{"embeddable":true,"href":"http:\/\/fmdelpueblo.ar\/index.php?rest_route=%2Fwp%2Fv2%2Fcomments&post=37254"}],"version-history":[{"count":0,"href":"http:\/\/fmdelpueblo.ar\/index.php?rest_route=\/wp\/v2\/posts\/37254\/revisions"}],"wp:attachment":[{"href":"http:\/\/fmdelpueblo.ar\/index.php?rest_route=%2Fwp%2Fv2%2Fmedia&parent=37254"}],"wp:term":[{"taxonomy":"category","embeddable":true,"href":"http:\/\/fmdelpueblo.ar\/index.php?rest_route=%2Fwp%2Fv2%2Fcategories&post=37254"},{"taxonomy":"post_tag","embeddable":true,"href":"http:\/\/fmdelpueblo.ar\/index.php?rest_route=%2Fwp%2Fv2%2Ftags&post=37254"}],"curies":[{"name":"wp","href":"https:\/\/api.w.org\/{rel}","templated":true}]}}