{"id":37251,"date":"2023-03-01T06:10:17","date_gmt":"2023-03-01T06:10:17","guid":{"rendered":"http:\/\/fmdelpueblo.ar\/?p=37251"},"modified":"2023-03-01T06:10:17","modified_gmt":"2023-03-01T06:10:17","slug":"comer-insectos-y-beber-orina-la-odisea-del-hombre-que-sobrevivio-un-mes-en-el-amazonas","status":"publish","type":"post","link":"http:\/\/fmdelpueblo.ar\/?p=37251","title":{"rendered":"Comer insectos y beber orina, la odisea del hombre que sobrevivi\u00f3 un mes en el Amazonas"},"content":{"rendered":"<\/p>\n<p>Jhonatan Luiz Acosta Abuid, de 30 a\u00f1os de edad y nacionalidad boliviana, fue rescatado despu\u00e9s de 31 d\u00edas. Hab\u00eda salido a cazar con amigos y se separ\u00f3 del grupo. <a href=\"https:\/\/www.perfil.com\/noticias\/sociedad\/comer-insectos-beber-orina-odisea-hombre-sobrevivio-un-mes-amazonas.phtml\">Leer m\u00e1s<\/a><\/p>\n","protected":false},"excerpt":{"rendered":"<p>Jhonatan Luiz Acosta Abuid, de 30 a\u00f1os de edad y nacionalidad boliviana, fue rescatado despu\u00e9s de 31 d\u00edas. Hab\u00eda salido a cazar con amigos y se separ\u00f3 del grupo. Leer m\u00e1s<\/p>\n","protected":false},"author":0,"featured_media":0,"comment_status":"","ping_status":"","sticky":false,"template":"","format":"standard","meta":{"footnotes":""},"categories":[1],"tags":[],"class_list":["post-37251","post","type-post","status-publish","format-standard","hentry","category-sin-categoria"],"_links":{"self":[{"href":"http:\/\/fmdelpueblo.ar\/index.php?rest_route=\/wp\/v2\/posts\/37251","targetHints":{"allow":["GET"]}}],"collection":[{"href":"http:\/\/fmdelpueblo.ar\/index.php?rest_route=\/wp\/v2\/posts"}],"about":[{"href":"http:\/\/fmdelpueblo.ar\/index.php?rest_route=\/wp\/v2\/types\/post"}],"replies":[{"embeddable":true,"href":"http:\/\/fmdelpueblo.ar\/index.php?rest_route=%2Fwp%2Fv2%2Fcomments&post=37251"}],"version-history":[{"count":0,"href":"http:\/\/fmdelpueblo.ar\/index.php?rest_route=\/wp\/v2\/posts\/37251\/revisions"}],"wp:attachment":[{"href":"http:\/\/fmdelpueblo.ar\/index.php?rest_route=%2Fwp%2Fv2%2Fmedia&parent=37251"}],"wp:term":[{"taxonomy":"category","embeddable":true,"href":"http:\/\/fmdelpueblo.ar\/index.php?rest_route=%2Fwp%2Fv2%2Fcategories&post=37251"},{"taxonomy":"post_tag","embeddable":true,"href":"http:\/\/fmdelpueblo.ar\/index.php?rest_route=%2Fwp%2Fv2%2Ftags&post=37251"}],"curies":[{"name":"wp","href":"https:\/\/api.w.org\/{rel}","templated":true}]}}