{"id":37250,"date":"2023-03-01T05:08:57","date_gmt":"2023-03-01T05:08:57","guid":{"rendered":"https:\/\/fmdelpueblo.ar\/?p=37250"},"modified":"2023-03-01T05:08:57","modified_gmt":"2023-03-01T05:08:57","slug":"tras-el-acuerdo-salarial-con-los-docentes-este-miercoles-arrancan-las-clases-en-territorio-bonaerense","status":"publish","type":"post","link":"http:\/\/fmdelpueblo.ar\/?p=37250","title":{"rendered":"Tras el acuerdo salarial con los docentes, este mi\u00e9rcoles arrancan las clases en territorio bonaerense"},"content":{"rendered":"<\/p>\n<p>Alrededor de 5,2 millones de alumnos vuelven a la escuela en la provincia de Buenos Aires. Tambi\u00e9n dar\u00e1 comienzo el ciclo lectivo en otras nueve provincias. <a href=\"https:\/\/www.perfil.com\/noticias\/sociedad\/tras-acuerdo-salarial-docentes-este-miercoles-1-marzo-arrancan-clases-territorio-bonaerense.phtml\">Leer m\u00e1s<\/a><\/p>\n","protected":false},"excerpt":{"rendered":"<p>Alrededor de 5,2 millones de alumnos vuelven a la escuela en la provincia de Buenos Aires. Tambi\u00e9n dar\u00e1 comienzo el ciclo lectivo en otras nueve provincias. Leer m\u00e1s<\/p>\n","protected":false},"author":0,"featured_media":0,"comment_status":"","ping_status":"","sticky":false,"template":"","format":"standard","meta":{"footnotes":""},"categories":[1],"tags":[],"class_list":["post-37250","post","type-post","status-publish","format-standard","hentry","category-sin-categoria"],"_links":{"self":[{"href":"http:\/\/fmdelpueblo.ar\/index.php?rest_route=\/wp\/v2\/posts\/37250","targetHints":{"allow":["GET"]}}],"collection":[{"href":"http:\/\/fmdelpueblo.ar\/index.php?rest_route=\/wp\/v2\/posts"}],"about":[{"href":"http:\/\/fmdelpueblo.ar\/index.php?rest_route=\/wp\/v2\/types\/post"}],"replies":[{"embeddable":true,"href":"http:\/\/fmdelpueblo.ar\/index.php?rest_route=%2Fwp%2Fv2%2Fcomments&post=37250"}],"version-history":[{"count":0,"href":"http:\/\/fmdelpueblo.ar\/index.php?rest_route=\/wp\/v2\/posts\/37250\/revisions"}],"wp:attachment":[{"href":"http:\/\/fmdelpueblo.ar\/index.php?rest_route=%2Fwp%2Fv2%2Fmedia&parent=37250"}],"wp:term":[{"taxonomy":"category","embeddable":true,"href":"http:\/\/fmdelpueblo.ar\/index.php?rest_route=%2Fwp%2Fv2%2Fcategories&post=37250"},{"taxonomy":"post_tag","embeddable":true,"href":"http:\/\/fmdelpueblo.ar\/index.php?rest_route=%2Fwp%2Fv2%2Ftags&post=37250"}],"curies":[{"name":"wp","href":"https:\/\/api.w.org\/{rel}","templated":true}]}}