{"id":37249,"date":"2023-03-01T04:10:08","date_gmt":"2023-03-01T04:10:08","guid":{"rendered":"https:\/\/fmdelpueblo.ar\/?p=37249"},"modified":"2023-03-01T04:10:08","modified_gmt":"2023-03-01T04:10:08","slug":"develaron-que-era-la-bola-gigante-que-aparecio-en-el-mar-de-japon","status":"publish","type":"post","link":"http:\/\/fmdelpueblo.ar\/?p=37249","title":{"rendered":"Develaron qu\u00e9 era la bola gigante que apareci\u00f3 en el mar de Jap\u00f3n"},"content":{"rendered":"<\/p>\n<p>En medio de especulaciones y teor\u00edas de espionaje geopol\u00edtico, el gobierno asi\u00e1tico revel\u00f3 qu\u00e9 era esa misteriosa y enorme esfera. <a href=\"https:\/\/www.perfil.com\/noticias\/internacional\/develaron-que-era-bola-gigante-aparecio-mar-de-japon.phtml\">Leer m\u00e1s<\/a><\/p>\n","protected":false},"excerpt":{"rendered":"<p>En medio de especulaciones y teor\u00edas de espionaje geopol\u00edtico, el gobierno asi\u00e1tico revel\u00f3 qu\u00e9 era esa misteriosa y enorme esfera. Leer m\u00e1s<\/p>\n","protected":false},"author":0,"featured_media":0,"comment_status":"","ping_status":"","sticky":false,"template":"","format":"standard","meta":{"footnotes":""},"categories":[1],"tags":[],"class_list":["post-37249","post","type-post","status-publish","format-standard","hentry","category-sin-categoria"],"_links":{"self":[{"href":"http:\/\/fmdelpueblo.ar\/index.php?rest_route=\/wp\/v2\/posts\/37249","targetHints":{"allow":["GET"]}}],"collection":[{"href":"http:\/\/fmdelpueblo.ar\/index.php?rest_route=\/wp\/v2\/posts"}],"about":[{"href":"http:\/\/fmdelpueblo.ar\/index.php?rest_route=\/wp\/v2\/types\/post"}],"replies":[{"embeddable":true,"href":"http:\/\/fmdelpueblo.ar\/index.php?rest_route=%2Fwp%2Fv2%2Fcomments&post=37249"}],"version-history":[{"count":0,"href":"http:\/\/fmdelpueblo.ar\/index.php?rest_route=\/wp\/v2\/posts\/37249\/revisions"}],"wp:attachment":[{"href":"http:\/\/fmdelpueblo.ar\/index.php?rest_route=%2Fwp%2Fv2%2Fmedia&parent=37249"}],"wp:term":[{"taxonomy":"category","embeddable":true,"href":"http:\/\/fmdelpueblo.ar\/index.php?rest_route=%2Fwp%2Fv2%2Fcategories&post=37249"},{"taxonomy":"post_tag","embeddable":true,"href":"http:\/\/fmdelpueblo.ar\/index.php?rest_route=%2Fwp%2Fv2%2Ftags&post=37249"}],"curies":[{"name":"wp","href":"https:\/\/api.w.org\/{rel}","templated":true}]}}