{"id":37247,"date":"2023-03-01T03:09:54","date_gmt":"2023-03-01T03:09:54","guid":{"rendered":"https:\/\/fmdelpueblo.ar\/?p=37247"},"modified":"2023-03-01T03:09:54","modified_gmt":"2023-03-01T03:09:54","slug":"meet-vincent-van-gogh-una-experiencia-3d-para-conocer-al-famoso-artista-llego-a-buenos-aires","status":"publish","type":"post","link":"http:\/\/fmdelpueblo.ar\/?p=37247","title":{"rendered":"\u201cMeet Vincent Van Gogh\u201d: una experiencia 3D para conocer al famoso artista lleg\u00f3 a Buenos Aires"},"content":{"rendered":"<\/p>\n<p>La obra y vida del artista neerland\u00e9s en una muestra con m\u00e1s de 800 obras interactivas e inmersivas ya est\u00e1 en Buenos Aires. Se podr\u00e1 visitar hasta el 31 de mayo en el Campo Argentino de Polo. <a href=\"https:\/\/www.perfil.com\/noticias\/reperfilar\/meet-vincent-van-gogh-la-historia-del-artista-que-recorre-el-mundo-llego-a-buenos-aires.phtml\">Leer m\u00e1s<\/a><\/p>\n","protected":false},"excerpt":{"rendered":"<p>La obra y vida del artista neerland\u00e9s en una muestra con m\u00e1s de 800 obras interactivas e inmersivas ya est\u00e1 en Buenos Aires. Se podr\u00e1 visitar hasta el 31 de mayo en el Campo Argentino de Polo. Leer m\u00e1s<\/p>\n","protected":false},"author":0,"featured_media":0,"comment_status":"","ping_status":"","sticky":false,"template":"","format":"standard","meta":{"footnotes":""},"categories":[1],"tags":[],"class_list":["post-37247","post","type-post","status-publish","format-standard","hentry","category-sin-categoria"],"_links":{"self":[{"href":"http:\/\/fmdelpueblo.ar\/index.php?rest_route=\/wp\/v2\/posts\/37247","targetHints":{"allow":["GET"]}}],"collection":[{"href":"http:\/\/fmdelpueblo.ar\/index.php?rest_route=\/wp\/v2\/posts"}],"about":[{"href":"http:\/\/fmdelpueblo.ar\/index.php?rest_route=\/wp\/v2\/types\/post"}],"replies":[{"embeddable":true,"href":"http:\/\/fmdelpueblo.ar\/index.php?rest_route=%2Fwp%2Fv2%2Fcomments&post=37247"}],"version-history":[{"count":0,"href":"http:\/\/fmdelpueblo.ar\/index.php?rest_route=\/wp\/v2\/posts\/37247\/revisions"}],"wp:attachment":[{"href":"http:\/\/fmdelpueblo.ar\/index.php?rest_route=%2Fwp%2Fv2%2Fmedia&parent=37247"}],"wp:term":[{"taxonomy":"category","embeddable":true,"href":"http:\/\/fmdelpueblo.ar\/index.php?rest_route=%2Fwp%2Fv2%2Fcategories&post=37247"},{"taxonomy":"post_tag","embeddable":true,"href":"http:\/\/fmdelpueblo.ar\/index.php?rest_route=%2Fwp%2Fv2%2Ftags&post=37247"}],"curies":[{"name":"wp","href":"https:\/\/api.w.org\/{rel}","templated":true}]}}