{"id":37246,"date":"2023-03-01T03:09:54","date_gmt":"2023-03-01T03:09:54","guid":{"rendered":"https:\/\/fmdelpueblo.ar\/?p=37246"},"modified":"2023-03-01T03:09:54","modified_gmt":"2023-03-01T03:09:54","slug":"gripe-aviar-por-el-primer-caso-en-aves-de-corral-el-gobierno-suspendio-las-exportaciones","status":"publish","type":"post","link":"http:\/\/fmdelpueblo.ar\/?p=37246","title":{"rendered":"Gripe aviar: por el primer caso en aves de corral, el Gobierno suspendi\u00f3 las exportaciones"},"content":{"rendered":"<\/p>\n<p>El Senasa confirm\u00f3 el primer caso positivo de influenza aviar en aves de corral de R\u00edo Negro, lo que el pa\u00eds autosuspende la exportaci\u00f3n de esos productos. <a href=\"https:\/\/www.perfil.com\/noticias\/salud\/gripe-aviar-primer-caso-aves-de-corral-gobierno-suspendio-exportaciones.phtml\">Leer m\u00e1s<\/a><\/p>\n","protected":false},"excerpt":{"rendered":"<p>El Senasa confirm\u00f3 el primer caso positivo de influenza aviar en aves de corral de R\u00edo Negro, lo que el pa\u00eds autosuspende la exportaci\u00f3n de esos productos. Leer m\u00e1s<\/p>\n","protected":false},"author":0,"featured_media":0,"comment_status":"","ping_status":"","sticky":false,"template":"","format":"standard","meta":{"footnotes":""},"categories":[1],"tags":[],"class_list":["post-37246","post","type-post","status-publish","format-standard","hentry","category-sin-categoria"],"_links":{"self":[{"href":"http:\/\/fmdelpueblo.ar\/index.php?rest_route=\/wp\/v2\/posts\/37246","targetHints":{"allow":["GET"]}}],"collection":[{"href":"http:\/\/fmdelpueblo.ar\/index.php?rest_route=\/wp\/v2\/posts"}],"about":[{"href":"http:\/\/fmdelpueblo.ar\/index.php?rest_route=\/wp\/v2\/types\/post"}],"replies":[{"embeddable":true,"href":"http:\/\/fmdelpueblo.ar\/index.php?rest_route=%2Fwp%2Fv2%2Fcomments&post=37246"}],"version-history":[{"count":0,"href":"http:\/\/fmdelpueblo.ar\/index.php?rest_route=\/wp\/v2\/posts\/37246\/revisions"}],"wp:attachment":[{"href":"http:\/\/fmdelpueblo.ar\/index.php?rest_route=%2Fwp%2Fv2%2Fmedia&parent=37246"}],"wp:term":[{"taxonomy":"category","embeddable":true,"href":"http:\/\/fmdelpueblo.ar\/index.php?rest_route=%2Fwp%2Fv2%2Fcategories&post=37246"},{"taxonomy":"post_tag","embeddable":true,"href":"http:\/\/fmdelpueblo.ar\/index.php?rest_route=%2Fwp%2Fv2%2Ftags&post=37246"}],"curies":[{"name":"wp","href":"https:\/\/api.w.org\/{rel}","templated":true}]}}