{"id":37244,"date":"2023-03-01T03:09:53","date_gmt":"2023-03-01T03:09:53","guid":{"rendered":"https:\/\/fmdelpueblo.ar\/?p=37244"},"modified":"2023-03-01T03:09:53","modified_gmt":"2023-03-01T03:09:53","slug":"timerman-y-malagoli-lanzaron-una-nueva-campana-bajo-el-sello-de-la-sastreria","status":"publish","type":"post","link":"http:\/\/fmdelpueblo.ar\/?p=37244","title":{"rendered":"Timerman y Malagoli lanzaron una nueva campa\u00f1a bajo el sello de La Sastrer\u00eda"},"content":{"rendered":"<\/p>\n<p>La mencionada campa\u00f1a aborda una problem\u00e1tica visible en el discurso pol\u00edtico, medi\u00e1tico y en la sociedad en general.<br \/>\n <a href=\"https:\/\/www.perfil.com\/noticias\/actualidad\/timerman-y-malagoli-lanzaron-una-nueva-campana-bajo-el-sello-de-la-sastreria.phtml\">Leer m\u00e1s<\/a><\/p>\n","protected":false},"excerpt":{"rendered":"<p>La mencionada campa\u00f1a aborda una problem\u00e1tica visible en el discurso pol\u00edtico, medi\u00e1tico y en la sociedad en general. Leer m\u00e1s<\/p>\n","protected":false},"author":0,"featured_media":0,"comment_status":"","ping_status":"","sticky":false,"template":"","format":"standard","meta":{"footnotes":""},"categories":[1],"tags":[],"class_list":["post-37244","post","type-post","status-publish","format-standard","hentry","category-sin-categoria"],"_links":{"self":[{"href":"http:\/\/fmdelpueblo.ar\/index.php?rest_route=\/wp\/v2\/posts\/37244","targetHints":{"allow":["GET"]}}],"collection":[{"href":"http:\/\/fmdelpueblo.ar\/index.php?rest_route=\/wp\/v2\/posts"}],"about":[{"href":"http:\/\/fmdelpueblo.ar\/index.php?rest_route=\/wp\/v2\/types\/post"}],"replies":[{"embeddable":true,"href":"http:\/\/fmdelpueblo.ar\/index.php?rest_route=%2Fwp%2Fv2%2Fcomments&post=37244"}],"version-history":[{"count":0,"href":"http:\/\/fmdelpueblo.ar\/index.php?rest_route=\/wp\/v2\/posts\/37244\/revisions"}],"wp:attachment":[{"href":"http:\/\/fmdelpueblo.ar\/index.php?rest_route=%2Fwp%2Fv2%2Fmedia&parent=37244"}],"wp:term":[{"taxonomy":"category","embeddable":true,"href":"http:\/\/fmdelpueblo.ar\/index.php?rest_route=%2Fwp%2Fv2%2Fcategories&post=37244"},{"taxonomy":"post_tag","embeddable":true,"href":"http:\/\/fmdelpueblo.ar\/index.php?rest_route=%2Fwp%2Fv2%2Ftags&post=37244"}],"curies":[{"name":"wp","href":"https:\/\/api.w.org\/{rel}","templated":true}]}}