{"id":37243,"date":"2023-03-01T02:09:51","date_gmt":"2023-03-01T02:09:51","guid":{"rendered":"http:\/\/fmdelpueblo.ar\/?p=37243"},"modified":"2023-03-01T02:09:51","modified_gmt":"2023-03-01T02:09:51","slug":"courteney-cox-descubrio-su-estrella-en-el-paseo-de-la-fama-de-hollywood","status":"publish","type":"post","link":"http:\/\/fmdelpueblo.ar\/?p=37243","title":{"rendered":"Courteney Cox descubri\u00f3 su estrella en el Paseo de la Fama de Hollywood \u00a0\u00a0"},"content":{"rendered":"<\/p>\n<p>La integrante de la ic\u00f3nica serie norteamericana \u201cFriends\u201d descubri\u00f3 \u00absu estrella\u00bb en Los Angeles rodeada de afectos y varios compa\u00f1eros de la serie. Jennifer Anniston se emocion\u00f3 al momento de ser descubierto el reconocimiento para su amiga. <a href=\"https:\/\/www.perfil.com\/noticias\/reperfilar\/courteney-cox-descubrio-su-estrella-en-el-paseo-de-la-fama-de-hollywood.phtml\">Leer m\u00e1s<\/a><\/p>\n","protected":false},"excerpt":{"rendered":"<p>La integrante de la ic\u00f3nica serie norteamericana \u201cFriends\u201d descubri\u00f3 \u00absu estrella\u00bb en Los Angeles rodeada de afectos y varios compa\u00f1eros de la serie. Jennifer Anniston se emocion\u00f3 al momento de ser descubierto el reconocimiento para su amiga. Leer m\u00e1s<\/p>\n","protected":false},"author":0,"featured_media":0,"comment_status":"","ping_status":"","sticky":false,"template":"","format":"standard","meta":{"footnotes":""},"categories":[1],"tags":[],"class_list":["post-37243","post","type-post","status-publish","format-standard","hentry","category-sin-categoria"],"_links":{"self":[{"href":"http:\/\/fmdelpueblo.ar\/index.php?rest_route=\/wp\/v2\/posts\/37243","targetHints":{"allow":["GET"]}}],"collection":[{"href":"http:\/\/fmdelpueblo.ar\/index.php?rest_route=\/wp\/v2\/posts"}],"about":[{"href":"http:\/\/fmdelpueblo.ar\/index.php?rest_route=\/wp\/v2\/types\/post"}],"replies":[{"embeddable":true,"href":"http:\/\/fmdelpueblo.ar\/index.php?rest_route=%2Fwp%2Fv2%2Fcomments&post=37243"}],"version-history":[{"count":0,"href":"http:\/\/fmdelpueblo.ar\/index.php?rest_route=\/wp\/v2\/posts\/37243\/revisions"}],"wp:attachment":[{"href":"http:\/\/fmdelpueblo.ar\/index.php?rest_route=%2Fwp%2Fv2%2Fmedia&parent=37243"}],"wp:term":[{"taxonomy":"category","embeddable":true,"href":"http:\/\/fmdelpueblo.ar\/index.php?rest_route=%2Fwp%2Fv2%2Fcategories&post=37243"},{"taxonomy":"post_tag","embeddable":true,"href":"http:\/\/fmdelpueblo.ar\/index.php?rest_route=%2Fwp%2Fv2%2Ftags&post=37243"}],"curies":[{"name":"wp","href":"https:\/\/api.w.org\/{rel}","templated":true}]}}