{"id":37241,"date":"2023-03-01T02:09:50","date_gmt":"2023-03-01T02:09:50","guid":{"rendered":"http:\/\/fmdelpueblo.ar\/?p=37241"},"modified":"2023-03-01T02:09:50","modified_gmt":"2023-03-01T02:09:50","slug":"muerte-en-playa-del-carmen-y-la-pista-de-violencia-de-genero-que-le-paso-a-la-modelo-argentina","status":"publish","type":"post","link":"http:\/\/fmdelpueblo.ar\/?p=37241","title":{"rendered":"Muerte en Playa del Carmen y la pista de violencia de g\u00e9nero: qu\u00e9 le pas\u00f3 a la modelo argentina"},"content":{"rendered":"<\/p>\n<p>Agostina Jalabert falleci\u00f3 en un departamento que compart\u00eda con su hermana y su pareja. La escena indicar\u00eda que fue un suicidio, pero su familia solicit\u00f3 que se investigue como un femicidio. <a href=\"https:\/\/www.perfil.com\/noticias\/policia\/encontraron-muerta-modelo-argentina-playa-del-carmen-familia-sospecha-novio.phtml\">Leer m\u00e1s<\/a><\/p>\n","protected":false},"excerpt":{"rendered":"<p>Agostina Jalabert falleci\u00f3 en un departamento que compart\u00eda con su hermana y su pareja. La escena indicar\u00eda que fue un suicidio, pero su familia solicit\u00f3 que se investigue como un femicidio. Leer m\u00e1s<\/p>\n","protected":false},"author":0,"featured_media":0,"comment_status":"","ping_status":"","sticky":false,"template":"","format":"standard","meta":{"footnotes":""},"categories":[1],"tags":[],"class_list":["post-37241","post","type-post","status-publish","format-standard","hentry","category-sin-categoria"],"_links":{"self":[{"href":"http:\/\/fmdelpueblo.ar\/index.php?rest_route=\/wp\/v2\/posts\/37241","targetHints":{"allow":["GET"]}}],"collection":[{"href":"http:\/\/fmdelpueblo.ar\/index.php?rest_route=\/wp\/v2\/posts"}],"about":[{"href":"http:\/\/fmdelpueblo.ar\/index.php?rest_route=\/wp\/v2\/types\/post"}],"replies":[{"embeddable":true,"href":"http:\/\/fmdelpueblo.ar\/index.php?rest_route=%2Fwp%2Fv2%2Fcomments&post=37241"}],"version-history":[{"count":0,"href":"http:\/\/fmdelpueblo.ar\/index.php?rest_route=\/wp\/v2\/posts\/37241\/revisions"}],"wp:attachment":[{"href":"http:\/\/fmdelpueblo.ar\/index.php?rest_route=%2Fwp%2Fv2%2Fmedia&parent=37241"}],"wp:term":[{"taxonomy":"category","embeddable":true,"href":"http:\/\/fmdelpueblo.ar\/index.php?rest_route=%2Fwp%2Fv2%2Fcategories&post=37241"},{"taxonomy":"post_tag","embeddable":true,"href":"http:\/\/fmdelpueblo.ar\/index.php?rest_route=%2Fwp%2Fv2%2Ftags&post=37241"}],"curies":[{"name":"wp","href":"https:\/\/api.w.org\/{rel}","templated":true}]}}