{"id":37240,"date":"2023-03-01T02:09:49","date_gmt":"2023-03-01T02:09:49","guid":{"rendered":"http:\/\/fmdelpueblo.ar\/?p=37240"},"modified":"2023-03-01T02:09:49","modified_gmt":"2023-03-01T02:09:49","slug":"comienzan-los-reintegros-de-edesur-por-los-cortes-de-luz-de-febrero","status":"publish","type":"post","link":"http:\/\/fmdelpueblo.ar\/?p=37240","title":{"rendered":"Comienzan los reintegros de Edesur por los cortes de luz de febrero"},"content":{"rendered":"<\/p>\n<p>Debido a los cortes del suministro en febrero, EDESUR har\u00e1 reintegros en las boletas que llegan en los pr\u00f3ximos d\u00edas. RePerfilAr te informa c\u00f3mo aparecer\u00e1n los descuentos. <a href=\"https:\/\/www.perfil.com\/noticias\/reperfilar\/reintegros-de-edesur-por-los-cortes-de-luz-de-febrero.phtml\">Leer m\u00e1s<\/a><\/p>\n","protected":false},"excerpt":{"rendered":"<p>Debido a los cortes del suministro en febrero, EDESUR har\u00e1 reintegros en las boletas que llegan en los pr\u00f3ximos d\u00edas. RePerfilAr te informa c\u00f3mo aparecer\u00e1n los descuentos. Leer m\u00e1s<\/p>\n","protected":false},"author":0,"featured_media":0,"comment_status":"","ping_status":"","sticky":false,"template":"","format":"standard","meta":{"footnotes":""},"categories":[1],"tags":[],"class_list":["post-37240","post","type-post","status-publish","format-standard","hentry","category-sin-categoria"],"_links":{"self":[{"href":"http:\/\/fmdelpueblo.ar\/index.php?rest_route=\/wp\/v2\/posts\/37240","targetHints":{"allow":["GET"]}}],"collection":[{"href":"http:\/\/fmdelpueblo.ar\/index.php?rest_route=\/wp\/v2\/posts"}],"about":[{"href":"http:\/\/fmdelpueblo.ar\/index.php?rest_route=\/wp\/v2\/types\/post"}],"replies":[{"embeddable":true,"href":"http:\/\/fmdelpueblo.ar\/index.php?rest_route=%2Fwp%2Fv2%2Fcomments&post=37240"}],"version-history":[{"count":0,"href":"http:\/\/fmdelpueblo.ar\/index.php?rest_route=\/wp\/v2\/posts\/37240\/revisions"}],"wp:attachment":[{"href":"http:\/\/fmdelpueblo.ar\/index.php?rest_route=%2Fwp%2Fv2%2Fmedia&parent=37240"}],"wp:term":[{"taxonomy":"category","embeddable":true,"href":"http:\/\/fmdelpueblo.ar\/index.php?rest_route=%2Fwp%2Fv2%2Fcategories&post=37240"},{"taxonomy":"post_tag","embeddable":true,"href":"http:\/\/fmdelpueblo.ar\/index.php?rest_route=%2Fwp%2Fv2%2Ftags&post=37240"}],"curies":[{"name":"wp","href":"https:\/\/api.w.org\/{rel}","templated":true}]}}