{"id":37239,"date":"2023-03-01T02:09:49","date_gmt":"2023-03-01T02:09:49","guid":{"rendered":"http:\/\/fmdelpueblo.ar\/?p=37239"},"modified":"2023-03-01T02:09:49","modified_gmt":"2023-03-01T02:09:49","slug":"una-diputada-rechazo-el-adn-de-un-hijo-extramatrimonial-de-su-padre-porque-dio-998","status":"publish","type":"post","link":"http:\/\/fmdelpueblo.ar\/?p=37239","title":{"rendered":"Una diputada rechaz\u00f3 el ADN de un hijo extramatrimonial de su padre porque dio 99,8%"},"content":{"rendered":"<\/p>\n<p>El fallo de la Sala 1 de la C\u00e1mara Civil en Familia y Sucesiones determin\u00f3 que con ese resultado, el hombre es hijo del empresario fallecido El\u00edas Chahla. Lo que se sabe del caso que se inici\u00f3 en 1999. <a href=\"https:\/\/www.perfil.com\/noticias\/sociedad\/diputada-rechazo-adn-hijo-extramatrimonial-de-su-padre-porque-dio-998-por-ciento.phtml\">Leer m\u00e1s<\/a><\/p>\n","protected":false},"excerpt":{"rendered":"<p>El fallo de la Sala 1 de la C\u00e1mara Civil en Familia y Sucesiones determin\u00f3 que con ese resultado, el hombre es hijo del empresario fallecido El\u00edas Chahla. Lo que se sabe del caso que se inici\u00f3 en 1999. Leer m\u00e1s<\/p>\n","protected":false},"author":0,"featured_media":0,"comment_status":"","ping_status":"","sticky":false,"template":"","format":"standard","meta":{"footnotes":""},"categories":[1],"tags":[],"class_list":["post-37239","post","type-post","status-publish","format-standard","hentry","category-sin-categoria"],"_links":{"self":[{"href":"http:\/\/fmdelpueblo.ar\/index.php?rest_route=\/wp\/v2\/posts\/37239","targetHints":{"allow":["GET"]}}],"collection":[{"href":"http:\/\/fmdelpueblo.ar\/index.php?rest_route=\/wp\/v2\/posts"}],"about":[{"href":"http:\/\/fmdelpueblo.ar\/index.php?rest_route=\/wp\/v2\/types\/post"}],"replies":[{"embeddable":true,"href":"http:\/\/fmdelpueblo.ar\/index.php?rest_route=%2Fwp%2Fv2%2Fcomments&post=37239"}],"version-history":[{"count":0,"href":"http:\/\/fmdelpueblo.ar\/index.php?rest_route=\/wp\/v2\/posts\/37239\/revisions"}],"wp:attachment":[{"href":"http:\/\/fmdelpueblo.ar\/index.php?rest_route=%2Fwp%2Fv2%2Fmedia&parent=37239"}],"wp:term":[{"taxonomy":"category","embeddable":true,"href":"http:\/\/fmdelpueblo.ar\/index.php?rest_route=%2Fwp%2Fv2%2Fcategories&post=37239"},{"taxonomy":"post_tag","embeddable":true,"href":"http:\/\/fmdelpueblo.ar\/index.php?rest_route=%2Fwp%2Fv2%2Ftags&post=37239"}],"curies":[{"name":"wp","href":"https:\/\/api.w.org\/{rel}","templated":true}]}}