{"id":37234,"date":"2023-03-01T01:10:22","date_gmt":"2023-03-01T01:10:22","guid":{"rendered":"https:\/\/fmdelpueblo.ar\/?p=37234"},"modified":"2023-03-01T01:10:22","modified_gmt":"2023-03-01T01:10:22","slug":"calor-extremo-decretan-el-alerta-amarilla-en-10-provincias-de-la-argentina","status":"publish","type":"post","link":"http:\/\/fmdelpueblo.ar\/?p=37234","title":{"rendered":"Calor extremo: decretan el alerta amarilla en 10 provincias de la Argentina"},"content":{"rendered":"<\/p>\n<p>\u201cSe esperan temperaturas m\u00e1s bajas a partir de la segunda semana de marzo\u201d, asegur\u00f3 el meteor\u00f3logo Fernando Jara. <a href=\"https:\/\/www.perfil.com\/noticias\/reperfilar\/calor-extremo-como-evolucionara-el-clima-en-las-proximas-horas.phtml\">Leer m\u00e1s<\/a><\/p>\n","protected":false},"excerpt":{"rendered":"<p>\u201cSe esperan temperaturas m\u00e1s bajas a partir de la segunda semana de marzo\u201d, asegur\u00f3 el meteor\u00f3logo Fernando Jara. Leer m\u00e1s<\/p>\n","protected":false},"author":0,"featured_media":0,"comment_status":"","ping_status":"","sticky":false,"template":"","format":"standard","meta":{"footnotes":""},"categories":[1],"tags":[],"class_list":["post-37234","post","type-post","status-publish","format-standard","hentry","category-sin-categoria"],"_links":{"self":[{"href":"http:\/\/fmdelpueblo.ar\/index.php?rest_route=\/wp\/v2\/posts\/37234","targetHints":{"allow":["GET"]}}],"collection":[{"href":"http:\/\/fmdelpueblo.ar\/index.php?rest_route=\/wp\/v2\/posts"}],"about":[{"href":"http:\/\/fmdelpueblo.ar\/index.php?rest_route=\/wp\/v2\/types\/post"}],"replies":[{"embeddable":true,"href":"http:\/\/fmdelpueblo.ar\/index.php?rest_route=%2Fwp%2Fv2%2Fcomments&post=37234"}],"version-history":[{"count":0,"href":"http:\/\/fmdelpueblo.ar\/index.php?rest_route=\/wp\/v2\/posts\/37234\/revisions"}],"wp:attachment":[{"href":"http:\/\/fmdelpueblo.ar\/index.php?rest_route=%2Fwp%2Fv2%2Fmedia&parent=37234"}],"wp:term":[{"taxonomy":"category","embeddable":true,"href":"http:\/\/fmdelpueblo.ar\/index.php?rest_route=%2Fwp%2Fv2%2Fcategories&post=37234"},{"taxonomy":"post_tag","embeddable":true,"href":"http:\/\/fmdelpueblo.ar\/index.php?rest_route=%2Fwp%2Fv2%2Ftags&post=37234"}],"curies":[{"name":"wp","href":"https:\/\/api.w.org\/{rel}","templated":true}]}}