{"id":37233,"date":"2023-03-01T01:10:21","date_gmt":"2023-03-01T01:10:21","guid":{"rendered":"https:\/\/fmdelpueblo.ar\/?p=37233"},"modified":"2023-03-01T01:10:21","modified_gmt":"2023-03-01T01:10:21","slug":"dolar-cara-chica-cuales-son-las-ultimas-aclaraciones-que-hizo-la-fed-respecto-a-su-valor","status":"publish","type":"post","link":"http:\/\/fmdelpueblo.ar\/?p=37233","title":{"rendered":"D\u00f3lar cara chica: cu\u00e1les son las \u00faltimas aclaraciones que hizo la FED respecto a su valor"},"content":{"rendered":"<\/p>\n<p>Ante la seguidilla de reclamos, la informaci\u00f3n oficial deber\u00eda zanjar cualquier tipo de grieta. <a href=\"https:\/\/www.perfil.com\/noticias\/reperfilar\/dolar-cara-chica-cuales-son-las-ultimas-aclaraciones-que-hizo-la-fed-respecto-a-su-valor.phtml\">Leer m\u00e1s<\/a><\/p>\n","protected":false},"excerpt":{"rendered":"<p>Ante la seguidilla de reclamos, la informaci\u00f3n oficial deber\u00eda zanjar cualquier tipo de grieta. Leer m\u00e1s<\/p>\n","protected":false},"author":0,"featured_media":0,"comment_status":"","ping_status":"","sticky":false,"template":"","format":"standard","meta":{"footnotes":""},"categories":[1],"tags":[],"class_list":["post-37233","post","type-post","status-publish","format-standard","hentry","category-sin-categoria"],"_links":{"self":[{"href":"http:\/\/fmdelpueblo.ar\/index.php?rest_route=\/wp\/v2\/posts\/37233","targetHints":{"allow":["GET"]}}],"collection":[{"href":"http:\/\/fmdelpueblo.ar\/index.php?rest_route=\/wp\/v2\/posts"}],"about":[{"href":"http:\/\/fmdelpueblo.ar\/index.php?rest_route=\/wp\/v2\/types\/post"}],"replies":[{"embeddable":true,"href":"http:\/\/fmdelpueblo.ar\/index.php?rest_route=%2Fwp%2Fv2%2Fcomments&post=37233"}],"version-history":[{"count":0,"href":"http:\/\/fmdelpueblo.ar\/index.php?rest_route=\/wp\/v2\/posts\/37233\/revisions"}],"wp:attachment":[{"href":"http:\/\/fmdelpueblo.ar\/index.php?rest_route=%2Fwp%2Fv2%2Fmedia&parent=37233"}],"wp:term":[{"taxonomy":"category","embeddable":true,"href":"http:\/\/fmdelpueblo.ar\/index.php?rest_route=%2Fwp%2Fv2%2Fcategories&post=37233"},{"taxonomy":"post_tag","embeddable":true,"href":"http:\/\/fmdelpueblo.ar\/index.php?rest_route=%2Fwp%2Fv2%2Ftags&post=37233"}],"curies":[{"name":"wp","href":"https:\/\/api.w.org\/{rel}","templated":true}]}}