{"id":37232,"date":"2023-03-01T00:09:15","date_gmt":"2023-03-01T00:09:15","guid":{"rendered":"https:\/\/fmdelpueblo.ar\/?p=37232"},"modified":"2023-03-01T00:09:15","modified_gmt":"2023-03-01T00:09:15","slug":"un-puente-al-empleo-el-sueno-de-millones-de-argentinos-y-un-fracaso-grandilocuente-si-no-se-hace-bien","status":"publish","type":"post","link":"http:\/\/fmdelpueblo.ar\/?p=37232","title":{"rendered":"\u201cUn puente al empleo\u201d, el sue\u00f1o de millones de argentinos y un fracaso grandilocuente si no se hace bien"},"content":{"rendered":"<\/p>\n<p>Hace m\u00e1s de 30 a\u00f1os que gobiernos y sindicatos calculan f\u00f3rmulas de costos laborales que aumentan las dificultades para que las empresas contraten m\u00e1s empleados. Si se implementa bien, todos ganan. <a href=\"https:\/\/www.perfil.com\/noticias\/opinion\/un-puente-al-empleo-el-sueno-de-millones-de-argentinos-y-un-fracaso-grandilocuente-si-no-se-hace-bien.phtml\">Leer m\u00e1s<\/a><\/p>\n","protected":false},"excerpt":{"rendered":"<p>Hace m\u00e1s de 30 a\u00f1os que gobiernos y sindicatos calculan f\u00f3rmulas de costos laborales que aumentan las dificultades para que las empresas contraten m\u00e1s empleados. Si se implementa bien, todos ganan. Leer m\u00e1s<\/p>\n","protected":false},"author":0,"featured_media":0,"comment_status":"","ping_status":"","sticky":false,"template":"","format":"standard","meta":{"footnotes":""},"categories":[1],"tags":[],"class_list":["post-37232","post","type-post","status-publish","format-standard","hentry","category-sin-categoria"],"_links":{"self":[{"href":"http:\/\/fmdelpueblo.ar\/index.php?rest_route=\/wp\/v2\/posts\/37232","targetHints":{"allow":["GET"]}}],"collection":[{"href":"http:\/\/fmdelpueblo.ar\/index.php?rest_route=\/wp\/v2\/posts"}],"about":[{"href":"http:\/\/fmdelpueblo.ar\/index.php?rest_route=\/wp\/v2\/types\/post"}],"replies":[{"embeddable":true,"href":"http:\/\/fmdelpueblo.ar\/index.php?rest_route=%2Fwp%2Fv2%2Fcomments&post=37232"}],"version-history":[{"count":0,"href":"http:\/\/fmdelpueblo.ar\/index.php?rest_route=\/wp\/v2\/posts\/37232\/revisions"}],"wp:attachment":[{"href":"http:\/\/fmdelpueblo.ar\/index.php?rest_route=%2Fwp%2Fv2%2Fmedia&parent=37232"}],"wp:term":[{"taxonomy":"category","embeddable":true,"href":"http:\/\/fmdelpueblo.ar\/index.php?rest_route=%2Fwp%2Fv2%2Fcategories&post=37232"},{"taxonomy":"post_tag","embeddable":true,"href":"http:\/\/fmdelpueblo.ar\/index.php?rest_route=%2Fwp%2Fv2%2Ftags&post=37232"}],"curies":[{"name":"wp","href":"https:\/\/api.w.org\/{rel}","templated":true}]}}