{"id":37227,"date":"2023-02-28T23:10:44","date_gmt":"2023-02-28T23:10:44","guid":{"rendered":"https:\/\/fmdelpueblo.ar\/?p=37227"},"modified":"2023-02-28T23:10:44","modified_gmt":"2023-02-28T23:10:44","slug":"tres-sandwiches-argentinos-estan-entre-los-100-elegidos-como-mejores-del-mundo","status":"publish","type":"post","link":"http:\/\/fmdelpueblo.ar\/?p=37227","title":{"rendered":"Tres s\u00e1ndwiches argentinos est\u00e1n entre los 100 elegidos como mejores del mundo"},"content":{"rendered":"<\/p>\n<p>De acuerdo al ranking que elabora TasteAtlas, un sitio especializado de comidas a lo largo y ancho del mapa, tres variedades de nuestro pa\u00eds se posicionan entre las m\u00e1s valoradas.  <a href=\"https:\/\/www.perfil.com\/noticias\/internacional\/tres-sandwiches-argentinos-entre-los-100-elegidos-como-mejores-del-mundo.phtml\">Leer m\u00e1s<\/a><\/p>\n","protected":false},"excerpt":{"rendered":"<p>De acuerdo al ranking que elabora TasteAtlas, un sitio especializado de comidas a lo largo y ancho del mapa, tres variedades de nuestro pa\u00eds se posicionan entre las m\u00e1s valoradas. Leer m\u00e1s<\/p>\n","protected":false},"author":0,"featured_media":0,"comment_status":"","ping_status":"","sticky":false,"template":"","format":"standard","meta":{"footnotes":""},"categories":[1],"tags":[],"class_list":["post-37227","post","type-post","status-publish","format-standard","hentry","category-sin-categoria"],"_links":{"self":[{"href":"http:\/\/fmdelpueblo.ar\/index.php?rest_route=\/wp\/v2\/posts\/37227","targetHints":{"allow":["GET"]}}],"collection":[{"href":"http:\/\/fmdelpueblo.ar\/index.php?rest_route=\/wp\/v2\/posts"}],"about":[{"href":"http:\/\/fmdelpueblo.ar\/index.php?rest_route=\/wp\/v2\/types\/post"}],"replies":[{"embeddable":true,"href":"http:\/\/fmdelpueblo.ar\/index.php?rest_route=%2Fwp%2Fv2%2Fcomments&post=37227"}],"version-history":[{"count":0,"href":"http:\/\/fmdelpueblo.ar\/index.php?rest_route=\/wp\/v2\/posts\/37227\/revisions"}],"wp:attachment":[{"href":"http:\/\/fmdelpueblo.ar\/index.php?rest_route=%2Fwp%2Fv2%2Fmedia&parent=37227"}],"wp:term":[{"taxonomy":"category","embeddable":true,"href":"http:\/\/fmdelpueblo.ar\/index.php?rest_route=%2Fwp%2Fv2%2Fcategories&post=37227"},{"taxonomy":"post_tag","embeddable":true,"href":"http:\/\/fmdelpueblo.ar\/index.php?rest_route=%2Fwp%2Fv2%2Ftags&post=37227"}],"curies":[{"name":"wp","href":"https:\/\/api.w.org\/{rel}","templated":true}]}}