{"id":37226,"date":"2023-02-28T23:10:44","date_gmt":"2023-02-28T23:10:44","guid":{"rendered":"https:\/\/fmdelpueblo.ar\/?p=37226"},"modified":"2023-02-28T23:10:44","modified_gmt":"2023-02-28T23:10:44","slug":"grabois-de-gira-en-bariloche-hablara-de-un-plan-que-impulsa-con-wado-de-pedro","status":"publish","type":"post","link":"http:\/\/fmdelpueblo.ar\/?p=37226","title":{"rendered":"Grabois de gira: en Bariloche, hablar\u00e1 de un plan que impulsa con Wado de Pedro"},"content":{"rendered":"<\/p>\n<p>El dirigente social, que dijo que quiere ser candidato a presidente, estar\u00e1 en R\u00edo Negro para hablar de un proyecto quinquenal en el que trabaja con el ministro del Interior. Pide desarrollar el pa\u00eds \u201cde abajo hacia arriba\u201d. <a href=\"https:\/\/www.perfil.com\/noticias\/politica\/grabois-de-gira-en-bariloche-hablara-de-un-plan-que-impulsa-con-wado-de-pedro.phtml\">Leer m\u00e1s<\/a><\/p>\n","protected":false},"excerpt":{"rendered":"<p>El dirigente social, que dijo que quiere ser candidato a presidente, estar\u00e1 en R\u00edo Negro para hablar de un proyecto quinquenal en el que trabaja con el ministro del Interior. Pide desarrollar el pa\u00eds \u201cde abajo hacia arriba\u201d. Leer m\u00e1s<\/p>\n","protected":false},"author":0,"featured_media":0,"comment_status":"","ping_status":"","sticky":false,"template":"","format":"standard","meta":{"footnotes":""},"categories":[1],"tags":[],"class_list":["post-37226","post","type-post","status-publish","format-standard","hentry","category-sin-categoria"],"_links":{"self":[{"href":"http:\/\/fmdelpueblo.ar\/index.php?rest_route=\/wp\/v2\/posts\/37226","targetHints":{"allow":["GET"]}}],"collection":[{"href":"http:\/\/fmdelpueblo.ar\/index.php?rest_route=\/wp\/v2\/posts"}],"about":[{"href":"http:\/\/fmdelpueblo.ar\/index.php?rest_route=\/wp\/v2\/types\/post"}],"replies":[{"embeddable":true,"href":"http:\/\/fmdelpueblo.ar\/index.php?rest_route=%2Fwp%2Fv2%2Fcomments&post=37226"}],"version-history":[{"count":0,"href":"http:\/\/fmdelpueblo.ar\/index.php?rest_route=\/wp\/v2\/posts\/37226\/revisions"}],"wp:attachment":[{"href":"http:\/\/fmdelpueblo.ar\/index.php?rest_route=%2Fwp%2Fv2%2Fmedia&parent=37226"}],"wp:term":[{"taxonomy":"category","embeddable":true,"href":"http:\/\/fmdelpueblo.ar\/index.php?rest_route=%2Fwp%2Fv2%2Fcategories&post=37226"},{"taxonomy":"post_tag","embeddable":true,"href":"http:\/\/fmdelpueblo.ar\/index.php?rest_route=%2Fwp%2Fv2%2Ftags&post=37226"}],"curies":[{"name":"wp","href":"https:\/\/api.w.org\/{rel}","templated":true}]}}