{"id":37225,"date":"2023-02-28T22:09:15","date_gmt":"2023-02-28T22:09:15","guid":{"rendered":"http:\/\/fmdelpueblo.ar\/?p=37225"},"modified":"2023-02-28T22:09:15","modified_gmt":"2023-02-28T22:09:15","slug":"piel-sana-por-que-es-importante-protegerse-del-sol-todos-los-dias-del-ano","status":"publish","type":"post","link":"http:\/\/fmdelpueblo.ar\/?p=37225","title":{"rendered":"Piel sana: por qu\u00e9 es importante protegerse del sol todos los d\u00edas del a\u00f1o"},"content":{"rendered":"<\/p>\n<p>UVA, UVB, UVA Largos, enrojecimiento \u201ct\u00e9rmico\u201d y ahora tambi\u00e9n \u00abluces azules\u00bb son los rayos que la piel absorbe en todas las estaciones, incluso en d\u00edas nublados. Por qu\u00e9 son m\u00e1s da\u00f1inos de lo que se cree. <a href=\"https:\/\/www.perfil.com\/noticias\/opinion\/piel-sana-por-que-es-importante-protegerse-del-sol-todos-los-dias-del-ano.phtml\">Leer m\u00e1s<\/a><\/p>\n","protected":false},"excerpt":{"rendered":"<p>UVA, UVB, UVA Largos, enrojecimiento \u201ct\u00e9rmico\u201d y ahora tambi\u00e9n \u00abluces azules\u00bb son los rayos que la piel absorbe en todas las estaciones, incluso en d\u00edas nublados. Por qu\u00e9 son m\u00e1s da\u00f1inos de lo que se cree. Leer m\u00e1s<\/p>\n","protected":false},"author":0,"featured_media":0,"comment_status":"","ping_status":"","sticky":false,"template":"","format":"standard","meta":{"footnotes":""},"categories":[1],"tags":[],"class_list":["post-37225","post","type-post","status-publish","format-standard","hentry","category-sin-categoria"],"_links":{"self":[{"href":"http:\/\/fmdelpueblo.ar\/index.php?rest_route=\/wp\/v2\/posts\/37225","targetHints":{"allow":["GET"]}}],"collection":[{"href":"http:\/\/fmdelpueblo.ar\/index.php?rest_route=\/wp\/v2\/posts"}],"about":[{"href":"http:\/\/fmdelpueblo.ar\/index.php?rest_route=\/wp\/v2\/types\/post"}],"replies":[{"embeddable":true,"href":"http:\/\/fmdelpueblo.ar\/index.php?rest_route=%2Fwp%2Fv2%2Fcomments&post=37225"}],"version-history":[{"count":0,"href":"http:\/\/fmdelpueblo.ar\/index.php?rest_route=\/wp\/v2\/posts\/37225\/revisions"}],"wp:attachment":[{"href":"http:\/\/fmdelpueblo.ar\/index.php?rest_route=%2Fwp%2Fv2%2Fmedia&parent=37225"}],"wp:term":[{"taxonomy":"category","embeddable":true,"href":"http:\/\/fmdelpueblo.ar\/index.php?rest_route=%2Fwp%2Fv2%2Fcategories&post=37225"},{"taxonomy":"post_tag","embeddable":true,"href":"http:\/\/fmdelpueblo.ar\/index.php?rest_route=%2Fwp%2Fv2%2Ftags&post=37225"}],"curies":[{"name":"wp","href":"https:\/\/api.w.org\/{rel}","templated":true}]}}