{"id":37223,"date":"2023-02-28T21:10:02","date_gmt":"2023-02-28T21:10:02","guid":{"rendered":"http:\/\/fmdelpueblo.ar\/?p=37223"},"modified":"2023-02-28T21:10:02","modified_gmt":"2023-02-28T21:10:02","slug":"la-oms-afirma-la-existencia-de-7-mil-enfermedades-raras-en-la-poblacion-mundial","status":"publish","type":"post","link":"http:\/\/fmdelpueblo.ar\/?p=37223","title":{"rendered":"La OMS afirma la existencia de 7 mil enfermedades raras en la poblaci\u00f3n mundial"},"content":{"rendered":"<\/p>\n<p>Cada 28 de febrero se conmemora el D\u00eda Mundial de los trastornos poco comunes, cuya denominaci\u00f3n se debe a que afectan a menos de 5 personas cada 10.000 habitantes.<br \/>\n <a href=\"https:\/\/www.perfil.com\/noticias\/sociedad\/la-oms-afirma-la-existencia-7-mil-enfermedades-raras-en-la-poblacion-mundial.phtml\">Leer m\u00e1s<\/a><\/p>\n","protected":false},"excerpt":{"rendered":"<p>Cada 28 de febrero se conmemora el D\u00eda Mundial de los trastornos poco comunes, cuya denominaci\u00f3n se debe a que afectan a menos de 5 personas cada 10.000 habitantes. Leer m\u00e1s<\/p>\n","protected":false},"author":0,"featured_media":0,"comment_status":"","ping_status":"","sticky":false,"template":"","format":"standard","meta":{"footnotes":""},"categories":[1],"tags":[],"class_list":["post-37223","post","type-post","status-publish","format-standard","hentry","category-sin-categoria"],"_links":{"self":[{"href":"http:\/\/fmdelpueblo.ar\/index.php?rest_route=\/wp\/v2\/posts\/37223","targetHints":{"allow":["GET"]}}],"collection":[{"href":"http:\/\/fmdelpueblo.ar\/index.php?rest_route=\/wp\/v2\/posts"}],"about":[{"href":"http:\/\/fmdelpueblo.ar\/index.php?rest_route=\/wp\/v2\/types\/post"}],"replies":[{"embeddable":true,"href":"http:\/\/fmdelpueblo.ar\/index.php?rest_route=%2Fwp%2Fv2%2Fcomments&post=37223"}],"version-history":[{"count":0,"href":"http:\/\/fmdelpueblo.ar\/index.php?rest_route=\/wp\/v2\/posts\/37223\/revisions"}],"wp:attachment":[{"href":"http:\/\/fmdelpueblo.ar\/index.php?rest_route=%2Fwp%2Fv2%2Fmedia&parent=37223"}],"wp:term":[{"taxonomy":"category","embeddable":true,"href":"http:\/\/fmdelpueblo.ar\/index.php?rest_route=%2Fwp%2Fv2%2Fcategories&post=37223"},{"taxonomy":"post_tag","embeddable":true,"href":"http:\/\/fmdelpueblo.ar\/index.php?rest_route=%2Fwp%2Fv2%2Ftags&post=37223"}],"curies":[{"name":"wp","href":"https:\/\/api.w.org\/{rel}","templated":true}]}}