{"id":37222,"date":"2023-02-28T21:10:01","date_gmt":"2023-02-28T21:10:01","guid":{"rendered":"http:\/\/fmdelpueblo.ar\/?p=37222"},"modified":"2023-02-28T21:10:01","modified_gmt":"2023-02-28T21:10:01","slug":"flavia-royon-y-emilio-apud-analizaron-los-desafios-que-presenta-el-sector-en-la-argentina","status":"publish","type":"post","link":"http:\/\/fmdelpueblo.ar\/?p=37222","title":{"rendered":"Flavia Roy\u00f3n y Emilio Apud analizaron los desaf\u00edos que presenta el sector en la Argentina"},"content":{"rendered":"<\/p>\n<p>Flavia Roy\u00f3n, secretaria de Energ\u00eda de la Naci\u00f3n; junto a Emilio Apud, ex secretario de Energ\u00eda; analizaron el potencial de Vaca Muerta. Ambos destacados funcionarios y ex funcionarios participaron del evento organizado por Perfil Educaci\u00f3n.  <a href=\"https:\/\/www.perfil.com\/noticias\/educacion\/flavia-royon-y-emilio-apud-sobre-la-industria-energetica.phtml\">Leer m\u00e1s<\/a><\/p>\n","protected":false},"excerpt":{"rendered":"<p>Flavia Roy\u00f3n, secretaria de Energ\u00eda de la Naci\u00f3n; junto a Emilio Apud, ex secretario de Energ\u00eda; analizaron el potencial de Vaca Muerta. Ambos destacados funcionarios y ex funcionarios participaron del evento organizado por Perfil Educaci\u00f3n. Leer m\u00e1s<\/p>\n","protected":false},"author":0,"featured_media":0,"comment_status":"","ping_status":"","sticky":false,"template":"","format":"standard","meta":{"footnotes":""},"categories":[1],"tags":[],"class_list":["post-37222","post","type-post","status-publish","format-standard","hentry","category-sin-categoria"],"_links":{"self":[{"href":"http:\/\/fmdelpueblo.ar\/index.php?rest_route=\/wp\/v2\/posts\/37222","targetHints":{"allow":["GET"]}}],"collection":[{"href":"http:\/\/fmdelpueblo.ar\/index.php?rest_route=\/wp\/v2\/posts"}],"about":[{"href":"http:\/\/fmdelpueblo.ar\/index.php?rest_route=\/wp\/v2\/types\/post"}],"replies":[{"embeddable":true,"href":"http:\/\/fmdelpueblo.ar\/index.php?rest_route=%2Fwp%2Fv2%2Fcomments&post=37222"}],"version-history":[{"count":0,"href":"http:\/\/fmdelpueblo.ar\/index.php?rest_route=\/wp\/v2\/posts\/37222\/revisions"}],"wp:attachment":[{"href":"http:\/\/fmdelpueblo.ar\/index.php?rest_route=%2Fwp%2Fv2%2Fmedia&parent=37222"}],"wp:term":[{"taxonomy":"category","embeddable":true,"href":"http:\/\/fmdelpueblo.ar\/index.php?rest_route=%2Fwp%2Fv2%2Fcategories&post=37222"},{"taxonomy":"post_tag","embeddable":true,"href":"http:\/\/fmdelpueblo.ar\/index.php?rest_route=%2Fwp%2Fv2%2Ftags&post=37222"}],"curies":[{"name":"wp","href":"https:\/\/api.w.org\/{rel}","templated":true}]}}