{"id":37221,"date":"2023-02-28T21:10:01","date_gmt":"2023-02-28T21:10:01","guid":{"rendered":"http:\/\/fmdelpueblo.ar\/?p=37221"},"modified":"2023-02-28T21:10:01","modified_gmt":"2023-02-28T21:10:01","slug":"el-gobierno-anuncio-una-lista-de-frutas-y-verduras-con-precios-fijos-por-30-dias","status":"publish","type":"post","link":"http:\/\/fmdelpueblo.ar\/?p=37221","title":{"rendered":"El Gobierno anunci\u00f3 una lista de frutas y verduras con precios fijos por 30 d\u00edas"},"content":{"rendered":"<\/p>\n<p>El secretario de Comercio, Mat\u00edas Tombolini, anunci\u00f3 un acuerdo con el Mercado Central y los supermercados. <a href=\"https:\/\/www.perfil.com\/noticias\/economia\/lanzan-una-canasta-de-frutas-y-verduras-a-precios-fijos-por-30-dias.phtml\">Leer m\u00e1s<\/a><\/p>\n","protected":false},"excerpt":{"rendered":"<p>El secretario de Comercio, Mat\u00edas Tombolini, anunci\u00f3 un acuerdo con el Mercado Central y los supermercados. Leer m\u00e1s<\/p>\n","protected":false},"author":0,"featured_media":0,"comment_status":"","ping_status":"","sticky":false,"template":"","format":"standard","meta":{"footnotes":""},"categories":[1],"tags":[],"class_list":["post-37221","post","type-post","status-publish","format-standard","hentry","category-sin-categoria"],"_links":{"self":[{"href":"http:\/\/fmdelpueblo.ar\/index.php?rest_route=\/wp\/v2\/posts\/37221","targetHints":{"allow":["GET"]}}],"collection":[{"href":"http:\/\/fmdelpueblo.ar\/index.php?rest_route=\/wp\/v2\/posts"}],"about":[{"href":"http:\/\/fmdelpueblo.ar\/index.php?rest_route=\/wp\/v2\/types\/post"}],"replies":[{"embeddable":true,"href":"http:\/\/fmdelpueblo.ar\/index.php?rest_route=%2Fwp%2Fv2%2Fcomments&post=37221"}],"version-history":[{"count":0,"href":"http:\/\/fmdelpueblo.ar\/index.php?rest_route=\/wp\/v2\/posts\/37221\/revisions"}],"wp:attachment":[{"href":"http:\/\/fmdelpueblo.ar\/index.php?rest_route=%2Fwp%2Fv2%2Fmedia&parent=37221"}],"wp:term":[{"taxonomy":"category","embeddable":true,"href":"http:\/\/fmdelpueblo.ar\/index.php?rest_route=%2Fwp%2Fv2%2Fcategories&post=37221"},{"taxonomy":"post_tag","embeddable":true,"href":"http:\/\/fmdelpueblo.ar\/index.php?rest_route=%2Fwp%2Fv2%2Ftags&post=37221"}],"curies":[{"name":"wp","href":"https:\/\/api.w.org\/{rel}","templated":true}]}}