{"id":37220,"date":"2023-02-28T21:10:00","date_gmt":"2023-02-28T21:10:00","guid":{"rendered":"http:\/\/fmdelpueblo.ar\/?p=37220"},"modified":"2023-02-28T21:10:00","modified_gmt":"2023-02-28T21:10:00","slug":"representantes-del-sector-corporativo-remarcaron-el-potencial-que-tiene-vaca-muerta","status":"publish","type":"post","link":"http:\/\/fmdelpueblo.ar\/?p=37220","title":{"rendered":"Representantes del sector corporativo remarcaron el potencial que tiene Vaca Muerta"},"content":{"rendered":"<\/p>\n<p>Directivos de YPF, PAE, Pampa Energ\u00eda, TotalEnerg\u00edes y AES participaron del evento \u00abIndustria de la Salud\u00bb organizado por Perfil Educaci\u00f3n. Destacaron el potencial de Vaca Muerta, a la vez que se refirieron a la provisi\u00f3n de energ\u00eda mundial, transporte y energ\u00eda renovable. <a href=\"https:\/\/www.perfil.com\/noticias\/educacion\/representantes-lider-del-sector-participaron-del-especial-industria-de-la-energia.phtml\">Leer m\u00e1s<\/a><\/p>\n","protected":false},"excerpt":{"rendered":"<p>Directivos de YPF, PAE, Pampa Energ\u00eda, TotalEnerg\u00edes y AES participaron del evento \u00abIndustria de la Salud\u00bb organizado por Perfil Educaci\u00f3n. Destacaron el potencial de Vaca Muerta, a la vez que se refirieron a la provisi\u00f3n de energ\u00eda mundial, transporte y energ\u00eda renovable. Leer m\u00e1s<\/p>\n","protected":false},"author":0,"featured_media":0,"comment_status":"","ping_status":"","sticky":false,"template":"","format":"standard","meta":{"footnotes":""},"categories":[1],"tags":[],"class_list":["post-37220","post","type-post","status-publish","format-standard","hentry","category-sin-categoria"],"_links":{"self":[{"href":"http:\/\/fmdelpueblo.ar\/index.php?rest_route=\/wp\/v2\/posts\/37220","targetHints":{"allow":["GET"]}}],"collection":[{"href":"http:\/\/fmdelpueblo.ar\/index.php?rest_route=\/wp\/v2\/posts"}],"about":[{"href":"http:\/\/fmdelpueblo.ar\/index.php?rest_route=\/wp\/v2\/types\/post"}],"replies":[{"embeddable":true,"href":"http:\/\/fmdelpueblo.ar\/index.php?rest_route=%2Fwp%2Fv2%2Fcomments&post=37220"}],"version-history":[{"count":0,"href":"http:\/\/fmdelpueblo.ar\/index.php?rest_route=\/wp\/v2\/posts\/37220\/revisions"}],"wp:attachment":[{"href":"http:\/\/fmdelpueblo.ar\/index.php?rest_route=%2Fwp%2Fv2%2Fmedia&parent=37220"}],"wp:term":[{"taxonomy":"category","embeddable":true,"href":"http:\/\/fmdelpueblo.ar\/index.php?rest_route=%2Fwp%2Fv2%2Fcategories&post=37220"},{"taxonomy":"post_tag","embeddable":true,"href":"http:\/\/fmdelpueblo.ar\/index.php?rest_route=%2Fwp%2Fv2%2Ftags&post=37220"}],"curies":[{"name":"wp","href":"https:\/\/api.w.org\/{rel}","templated":true}]}}