{"id":37218,"date":"2023-02-28T20:09:22","date_gmt":"2023-02-28T20:09:22","guid":{"rendered":"https:\/\/fmdelpueblo.ar\/?p=37218"},"modified":"2023-02-28T20:09:22","modified_gmt":"2023-02-28T20:09:22","slug":"lopez-obrador-anuncio-que-tesla-construira-una-planta-en-mexico","status":"publish","type":"post","link":"http:\/\/fmdelpueblo.ar\/?p=37218","title":{"rendered":"L\u00f3pez Obrador anunci\u00f3 que Tesla construir\u00e1 una planta en M\u00e9xico"},"content":{"rendered":"<\/p>\n<p>El presidente mexicano mantuvo una conversaci\u00f3n con el director ejecutivo de la marca de autom\u00f3viles el\u00e9ctricos, Elon Musk. <a href=\"https:\/\/www.perfil.com\/noticias\/bloomberg\/bc-tesla-construira-planta-en-monterrey-dice-amlo-tras-llamada-con-musk.phtml\">Leer m\u00e1s<\/a><\/p>\n","protected":false},"excerpt":{"rendered":"<p>El presidente mexicano mantuvo una conversaci\u00f3n con el director ejecutivo de la marca de autom\u00f3viles el\u00e9ctricos, Elon Musk. Leer m\u00e1s<\/p>\n","protected":false},"author":0,"featured_media":0,"comment_status":"","ping_status":"","sticky":false,"template":"","format":"standard","meta":{"footnotes":""},"categories":[1],"tags":[],"class_list":["post-37218","post","type-post","status-publish","format-standard","hentry","category-sin-categoria"],"_links":{"self":[{"href":"http:\/\/fmdelpueblo.ar\/index.php?rest_route=\/wp\/v2\/posts\/37218","targetHints":{"allow":["GET"]}}],"collection":[{"href":"http:\/\/fmdelpueblo.ar\/index.php?rest_route=\/wp\/v2\/posts"}],"about":[{"href":"http:\/\/fmdelpueblo.ar\/index.php?rest_route=\/wp\/v2\/types\/post"}],"replies":[{"embeddable":true,"href":"http:\/\/fmdelpueblo.ar\/index.php?rest_route=%2Fwp%2Fv2%2Fcomments&post=37218"}],"version-history":[{"count":0,"href":"http:\/\/fmdelpueblo.ar\/index.php?rest_route=\/wp\/v2\/posts\/37218\/revisions"}],"wp:attachment":[{"href":"http:\/\/fmdelpueblo.ar\/index.php?rest_route=%2Fwp%2Fv2%2Fmedia&parent=37218"}],"wp:term":[{"taxonomy":"category","embeddable":true,"href":"http:\/\/fmdelpueblo.ar\/index.php?rest_route=%2Fwp%2Fv2%2Fcategories&post=37218"},{"taxonomy":"post_tag","embeddable":true,"href":"http:\/\/fmdelpueblo.ar\/index.php?rest_route=%2Fwp%2Fv2%2Ftags&post=37218"}],"curies":[{"name":"wp","href":"https:\/\/api.w.org\/{rel}","templated":true}]}}