{"id":37216,"date":"2023-02-28T20:09:20","date_gmt":"2023-02-28T20:09:20","guid":{"rendered":"https:\/\/fmdelpueblo.ar\/?p=37216"},"modified":"2023-02-28T20:09:20","modified_gmt":"2023-02-28T20:09:20","slug":"gobernadores-preparan-una-nueva-ley-de-coparticipacion-y-buscan-quedarse-con-parte-de-las-retenciones","status":"publish","type":"post","link":"http:\/\/fmdelpueblo.ar\/?p=37216","title":{"rendered":"Gobernadores preparan una nueva ley de Coparticipaci\u00f3n y buscan quedarse con parte de las retenciones"},"content":{"rendered":"<\/p>\n<p>Kicillof y Capitanich arman una propuesta de redefinici\u00f3n por \u00edndices y atada al crecimiento econ\u00f3mico de los ingresos de Naci\u00f3n. <a href=\"https:\/\/www.perfil.com\/noticias\/economia\/gobernadores-preparan-una-nueva-ley-de-coparticipacion-y-buscan-quedarse-con-parte-de-las-retenciones.phtml\">Leer m\u00e1s<\/a><\/p>\n","protected":false},"excerpt":{"rendered":"<p>Kicillof y Capitanich arman una propuesta de redefinici\u00f3n por \u00edndices y atada al crecimiento econ\u00f3mico de los ingresos de Naci\u00f3n. Leer m\u00e1s<\/p>\n","protected":false},"author":0,"featured_media":0,"comment_status":"","ping_status":"","sticky":false,"template":"","format":"standard","meta":{"footnotes":""},"categories":[1],"tags":[],"class_list":["post-37216","post","type-post","status-publish","format-standard","hentry","category-sin-categoria"],"_links":{"self":[{"href":"http:\/\/fmdelpueblo.ar\/index.php?rest_route=\/wp\/v2\/posts\/37216","targetHints":{"allow":["GET"]}}],"collection":[{"href":"http:\/\/fmdelpueblo.ar\/index.php?rest_route=\/wp\/v2\/posts"}],"about":[{"href":"http:\/\/fmdelpueblo.ar\/index.php?rest_route=\/wp\/v2\/types\/post"}],"replies":[{"embeddable":true,"href":"http:\/\/fmdelpueblo.ar\/index.php?rest_route=%2Fwp%2Fv2%2Fcomments&post=37216"}],"version-history":[{"count":0,"href":"http:\/\/fmdelpueblo.ar\/index.php?rest_route=\/wp\/v2\/posts\/37216\/revisions"}],"wp:attachment":[{"href":"http:\/\/fmdelpueblo.ar\/index.php?rest_route=%2Fwp%2Fv2%2Fmedia&parent=37216"}],"wp:term":[{"taxonomy":"category","embeddable":true,"href":"http:\/\/fmdelpueblo.ar\/index.php?rest_route=%2Fwp%2Fv2%2Fcategories&post=37216"},{"taxonomy":"post_tag","embeddable":true,"href":"http:\/\/fmdelpueblo.ar\/index.php?rest_route=%2Fwp%2Fv2%2Ftags&post=37216"}],"curies":[{"name":"wp","href":"https:\/\/api.w.org\/{rel}","templated":true}]}}